{"id":105421,"date":"2022-03-29T14:22:03","date_gmt":"2022-03-29T17:22:03","guid":{"rendered":"https:\/\/eldiariodesanpedro.com.ar\/sitio\/?p=105421"},"modified":"2022-03-29T14:22:04","modified_gmt":"2022-03-29T17:22:04","slug":"controles-de-salud-infantil-para-la-extension-de-certificados-escolares","status":"publish","type":"post","link":"https:\/\/eldiariodesanpedro.com.ar\/sitio\/controles-de-salud-infantil-para-la-extension-de-certificados-escolares\/","title":{"rendered":"Controles de salud infantil para la extensi\u00f3n de certificados escolares"},"content":{"rendered":"<!-- VideographyWP Plugin Message: Automatic video embedding prevented by plugin options. -->\n\n<p>Este mi\u00e9rcoles en el horario de 8.00 a 12.00 continuar\u00e1 el control de salud para ni\u00f1os y ni\u00f1as de 6 a 12 a\u00f1os en el Club Paran\u00e1 ubicado en M. Novillo 565. El operativo que lleva adelante la Secretar\u00eda de Salud para la extensi\u00f3n de los certificados escolares continuar\u00e1 el jueves 31 de marzo de 10.00 a 15.00 hs.<\/p>\n\n\n\n<p>El equipo del \u00e1rea que trabaja en el lugar solicita DNI junto con libreta sanitaria para control de vacunas y datos personales a fin de completar la planilla del Programa Nacional de Salud Escolar que se complementar\u00e1 con la Historia Cl\u00ednica.<\/p>\n","protected":false},"excerpt":{"rendered":"<p>Este mi\u00e9rcoles en el horario de 8.00 a 12.00 continuar\u00e1 el control de salud para ni\u00f1os y ni\u00f1as de 6 a 12 a\u00f1os en el Club Paran\u00e1 ubicado en M. Novillo 565. El operativo que lleva adelante la Secretar\u00eda de Salud para la extensi\u00f3n de los certificados escolares continuar\u00e1 el jueves 31 de marzo de [&hellip;]<\/p>\n","protected":false},"author":4,"featured_media":105212,"comment_status":"closed","ping_status":"closed","sticky":false,"template":"","format":"standard","meta":{"om_disable_all_campaigns":false,"_jetpack_memberships_contains_paid_content":false,"footnotes":""},"categories":[50,101,2],"tags":[197,696,33,19],"class_list":["post-105421","post","type-post","status-publish","format-standard","has-post-thumbnail","hentry","category-destacadas","category-interes-general-locales","category-locales","tag-buenos-aires","tag-interes-general","tag-locales","tag-san-pedro"],"aioseo_notices":[],"gutentor_comment":0,"jetpack_featured_media_url":"https:\/\/eldiariodesanpedro.com.ar\/sitio\/wp-content\/uploads\/2022\/03\/WhatsApp-Image-2022-03-21-at-12.04.50-PM-1.jpeg","jetpack_shortlink":"https:\/\/wp.me\/p6RhLt-rql","jetpack_sharing_enabled":true,"_links":{"self":[{"href":"https:\/\/eldiariodesanpedro.com.ar\/sitio\/wp-json\/wp\/v2\/posts\/105421","targetHints":{"allow":["GET"]}}],"collection":[{"href":"https:\/\/eldiariodesanpedro.com.ar\/sitio\/wp-json\/wp\/v2\/posts"}],"about":[{"href":"https:\/\/eldiariodesanpedro.com.ar\/sitio\/wp-json\/wp\/v2\/types\/post"}],"author":[{"embeddable":true,"href":"https:\/\/eldiariodesanpedro.com.ar\/sitio\/wp-json\/wp\/v2\/users\/4"}],"replies":[{"embeddable":true,"href":"https:\/\/eldiariodesanpedro.com.ar\/sitio\/wp-json\/wp\/v2\/comments?post=105421"}],"version-history":[{"count":1,"href":"https:\/\/eldiariodesanpedro.com.ar\/sitio\/wp-json\/wp\/v2\/posts\/105421\/revisions"}],"predecessor-version":[{"id":105422,"href":"https:\/\/eldiariodesanpedro.com.ar\/sitio\/wp-json\/wp\/v2\/posts\/105421\/revisions\/105422"}],"wp:featuredmedia":[{"embeddable":true,"href":"https:\/\/eldiariodesanpedro.com.ar\/sitio\/wp-json\/wp\/v2\/media\/105212"}],"wp:attachment":[{"href":"https:\/\/eldiariodesanpedro.com.ar\/sitio\/wp-json\/wp\/v2\/media?parent=105421"}],"wp:term":[{"taxonomy":"category","embeddable":true,"href":"https:\/\/eldiariodesanpedro.com.ar\/sitio\/wp-json\/wp\/v2\/categories?post=105421"},{"taxonomy":"post_tag","embeddable":true,"href":"https:\/\/eldiariodesanpedro.com.ar\/sitio\/wp-json\/wp\/v2\/tags?post=105421"}],"curies":[{"name":"wp","href":"https:\/\/api.w.org\/{rel}","templated":true}]}}