{"id":10542,"date":"2016-11-22T18:57:42","date_gmt":"2016-11-22T21:57:42","guid":{"rendered":"https:\/\/eldiariodesanpedro.com.ar\/sitio\/?p=10542"},"modified":"2016-11-22T18:57:42","modified_gmt":"2016-11-22T21:57:42","slug":"campana-la-justicia-solicito-a-los-medios-registros-sobre-la-tragedia-en-la-av-rocca","status":"publish","type":"post","link":"https:\/\/eldiariodesanpedro.com.ar\/sitio\/campana-la-justicia-solicito-a-los-medios-registros-sobre-la-tragedia-en-la-av-rocca\/","title":{"rendered":"CAMPANA: La Justicia solicit\u00f3 a los medios registros sobre la tragedia en la Av. Rocca"},"content":{"rendered":"<p><!-- VideographyWP Plugin Message: Automatic video embedding prevented by plugin options. --><br \/>\nEl instructor judicial pidi\u00f3 todo material f\u00edlmico o fotogr\u00e1fico para sumar a la causa sobre el tr\u00e1gico derrumbe ocurrido en la obra en construcci\u00f3n, que se cobr\u00f3 la vida de tres trabajadores.<\/p>\n<p>Distintos medios de comunicaci\u00f3n de la ciudad, entre ellos Campana Noticias, fueron notificados por uno de los instructores judiciales de la Unidad Funcional de Instrucci\u00f3n y Juicio N\u00b02, a cargo de los Dres. Mat\u00edas Ferreiros y Alejandro Irigoyen, con el fin de aportar todo el material f\u00edlmico y fotogr\u00e1fico referido al tr\u00e1gico derrumbe ocurrido en la obra en construcci\u00f3n de Av. Rocca al 100, que se cobr\u00f3 la vida de tres trabajadores.<\/p>\n<p>La causa fue caratulada \u201chomicidio culposo y estrago\u201d. Miguel Colarte de 30 a\u00f1os, Alberto Chamorro de 50 y Francisco Leiva de 62 fueron las v\u00edctimas del hecho ocurrido el pasado 8 de noviembre.<\/p>\n<p>Tras los peritajes en el lugar, la Justicia espera que, con el aporte de los diferentes registros gr\u00e1ficos captados por la cobertura period\u00edstica, pueda avanzar con la investigaci\u00f3n que busca asignar responsabilidades a los distintos actores que intervinieron en la obra. <\/p>\n","protected":false},"excerpt":{"rendered":"<p>El instructor judicial pidi\u00f3 todo material f\u00edlmico o fotogr\u00e1fico para sumar a la causa sobre el tr\u00e1gico derrumbe ocurrido en la obra en construcci\u00f3n, que se cobr\u00f3 la vida de tres trabajadores. Distintos medios de comunicaci\u00f3n de la ciudad, entre ellos Campana Noticias, fueron notificados por uno de los instructores judiciales de la Unidad Funcional [&hellip;]<\/p>\n","protected":false},"author":4,"featured_media":10543,"comment_status":"open","ping_status":"closed","sticky":false,"template":"","format":"standard","meta":{"om_disable_all_campaigns":false,"_jetpack_memberships_contains_paid_content":false,"footnotes":""},"categories":[621],"tags":[],"class_list":["post-10542","post","type-post","status-publish","format-standard","has-post-thumbnail","hentry","category-regionales"],"aioseo_notices":[],"gutentor_comment":0,"jetpack_featured_media_url":"https:\/\/eldiariodesanpedro.com.ar\/sitio\/wp-content\/uploads\/2016\/11\/derrumbe-av-rocca-campana.jpg","jetpack_shortlink":"https:\/\/wp.me\/p6RhLt-2K2","jetpack_sharing_enabled":true,"_links":{"self":[{"href":"https:\/\/eldiariodesanpedro.com.ar\/sitio\/wp-json\/wp\/v2\/posts\/10542","targetHints":{"allow":["GET"]}}],"collection":[{"href":"https:\/\/eldiariodesanpedro.com.ar\/sitio\/wp-json\/wp\/v2\/posts"}],"about":[{"href":"https:\/\/eldiariodesanpedro.com.ar\/sitio\/wp-json\/wp\/v2\/types\/post"}],"author":[{"embeddable":true,"href":"https:\/\/eldiariodesanpedro.com.ar\/sitio\/wp-json\/wp\/v2\/users\/4"}],"replies":[{"embeddable":true,"href":"https:\/\/eldiariodesanpedro.com.ar\/sitio\/wp-json\/wp\/v2\/comments?post=10542"}],"version-history":[{"count":1,"href":"https:\/\/eldiariodesanpedro.com.ar\/sitio\/wp-json\/wp\/v2\/posts\/10542\/revisions"}],"predecessor-version":[{"id":10544,"href":"https:\/\/eldiariodesanpedro.com.ar\/sitio\/wp-json\/wp\/v2\/posts\/10542\/revisions\/10544"}],"wp:featuredmedia":[{"embeddable":true,"href":"https:\/\/eldiariodesanpedro.com.ar\/sitio\/wp-json\/wp\/v2\/media\/10543"}],"wp:attachment":[{"href":"https:\/\/eldiariodesanpedro.com.ar\/sitio\/wp-json\/wp\/v2\/media?parent=10542"}],"wp:term":[{"taxonomy":"category","embeddable":true,"href":"https:\/\/eldiariodesanpedro.com.ar\/sitio\/wp-json\/wp\/v2\/categories?post=10542"},{"taxonomy":"post_tag","embeddable":true,"href":"https:\/\/eldiariodesanpedro.com.ar\/sitio\/wp-json\/wp\/v2\/tags?post=10542"}],"curies":[{"name":"wp","href":"https:\/\/api.w.org\/{rel}","templated":true}]}}