{"id":105419,"date":"2022-03-29T13:47:26","date_gmt":"2022-03-29T16:47:26","guid":{"rendered":"https:\/\/eldiariodesanpedro.com.ar\/sitio\/?p=105419"},"modified":"2022-03-29T13:47:26","modified_gmt":"2022-03-29T16:47:26","slug":"campana-de-vacunacion-para-caninos-y-felinos-este-viernes","status":"publish","type":"post","link":"https:\/\/eldiariodesanpedro.com.ar\/sitio\/campana-de-vacunacion-para-caninos-y-felinos-este-viernes\/","title":{"rendered":"Campa\u00f1a de Vacunaci\u00f3n para caninos y felinos este viernes"},"content":{"rendered":"<!-- VideographyWP Plugin Message: Automatic video embedding prevented by plugin options. -->\n\n<p>El Departamento Canino informa que, continuando con la campa\u00f1a de vacunaci\u00f3n para perros y gatos, este viernes 1 de abril se instalar\u00e1 un equipo en calle Independencia al 3300 (frente a Celupaper) desde las 9.30 hs.<\/p>\n\n\n\n<p>Posteriormente, a partir de las 10.30, en el Poste N\u00b0 1 de Bajo Cementerio personal del \u00e1rea comenzar\u00e1 una recorrida por el lugar.<\/p>\n\n\n\n<p>Se invita a quienes deseen acercar sus mascotas hacerlo respetando las medidas sanitarias vigentes. Les recordamos que todos los animales deber\u00e1n tener collar, correa y\/o bozal.<\/p>\n","protected":false},"excerpt":{"rendered":"<p>El Departamento Canino informa que, continuando con la campa\u00f1a de vacunaci\u00f3n para perros y gatos, este viernes 1 de abril se instalar\u00e1 un equipo en calle Independencia al 3300 (frente a Celupaper) desde las 9.30 hs. Posteriormente, a partir de las 10.30, en el Poste N\u00b0 1 de Bajo Cementerio personal del \u00e1rea comenzar\u00e1 una [&hellip;]<\/p>\n","protected":false},"author":4,"featured_media":97983,"comment_status":"closed","ping_status":"closed","sticky":false,"template":"","format":"standard","meta":{"om_disable_all_campaigns":false,"_jetpack_memberships_contains_paid_content":false,"footnotes":""},"categories":[50,101,2],"tags":[197,696,33,19],"class_list":["post-105419","post","type-post","status-publish","format-standard","has-post-thumbnail","hentry","category-destacadas","category-interes-general-locales","category-locales","tag-buenos-aires","tag-interes-general","tag-locales","tag-san-pedro"],"aioseo_notices":[],"gutentor_comment":0,"jetpack_featured_media_url":"https:\/\/eldiariodesanpedro.com.ar\/sitio\/wp-content\/uploads\/2021\/08\/vacunas-para-perros-768x512-1.jpg","jetpack_shortlink":"https:\/\/wp.me\/p6RhLt-rqj","jetpack_sharing_enabled":true,"_links":{"self":[{"href":"https:\/\/eldiariodesanpedro.com.ar\/sitio\/wp-json\/wp\/v2\/posts\/105419","targetHints":{"allow":["GET"]}}],"collection":[{"href":"https:\/\/eldiariodesanpedro.com.ar\/sitio\/wp-json\/wp\/v2\/posts"}],"about":[{"href":"https:\/\/eldiariodesanpedro.com.ar\/sitio\/wp-json\/wp\/v2\/types\/post"}],"author":[{"embeddable":true,"href":"https:\/\/eldiariodesanpedro.com.ar\/sitio\/wp-json\/wp\/v2\/users\/4"}],"replies":[{"embeddable":true,"href":"https:\/\/eldiariodesanpedro.com.ar\/sitio\/wp-json\/wp\/v2\/comments?post=105419"}],"version-history":[{"count":1,"href":"https:\/\/eldiariodesanpedro.com.ar\/sitio\/wp-json\/wp\/v2\/posts\/105419\/revisions"}],"predecessor-version":[{"id":105420,"href":"https:\/\/eldiariodesanpedro.com.ar\/sitio\/wp-json\/wp\/v2\/posts\/105419\/revisions\/105420"}],"wp:featuredmedia":[{"embeddable":true,"href":"https:\/\/eldiariodesanpedro.com.ar\/sitio\/wp-json\/wp\/v2\/media\/97983"}],"wp:attachment":[{"href":"https:\/\/eldiariodesanpedro.com.ar\/sitio\/wp-json\/wp\/v2\/media?parent=105419"}],"wp:term":[{"taxonomy":"category","embeddable":true,"href":"https:\/\/eldiariodesanpedro.com.ar\/sitio\/wp-json\/wp\/v2\/categories?post=105419"},{"taxonomy":"post_tag","embeddable":true,"href":"https:\/\/eldiariodesanpedro.com.ar\/sitio\/wp-json\/wp\/v2\/tags?post=105419"}],"curies":[{"name":"wp","href":"https:\/\/api.w.org\/{rel}","templated":true}]}}