{"id":105417,"date":"2022-03-29T13:44:36","date_gmt":"2022-03-29T16:44:36","guid":{"rendered":"https:\/\/eldiariodesanpedro.com.ar\/sitio\/?p=105417"},"modified":"2022-03-29T13:44:36","modified_gmt":"2022-03-29T16:44:36","slug":"la-direccion-de-rentas-comenzo-un-relevamiento-de-comercios","status":"publish","type":"post","link":"https:\/\/eldiariodesanpedro.com.ar\/sitio\/la-direccion-de-rentas-comenzo-un-relevamiento-de-comercios\/","title":{"rendered":"La Direcci\u00f3n de Rentas comenz\u00f3 un relevamiento de comercios"},"content":{"rendered":"<!-- VideographyWP Plugin Message: Automatic video embedding prevented by plugin options. -->\n\n<p>La Direcci\u00f3n de Rentas de la Municipalidad de San Pedro informa que est\u00e1 llevando adelante un relevamiento de comercios habilitados y no habilitados en la ciudad.<\/p>\n\n\n\n<p>El mismo est\u00e1 a cargo de personal debidamente identificado y en el caso de quienes se encuentran habilitados, el personal s\u00f3lo verificar\u00e1 la exhibici\u00f3n en un espacio visible, del c\u00f3digo QR extendido por la Municipalidad.<\/p>\n\n\n\n<p>Ante cualquier inquietud o consulta se pueden dirigir a las oficinas municipales en el horario de 8 a 14 hs.<\/p>\n","protected":false},"excerpt":{"rendered":"<p>La Direcci\u00f3n de Rentas de la Municipalidad de San Pedro informa que est\u00e1 llevando adelante un relevamiento de comercios habilitados y no habilitados en la ciudad. El mismo est\u00e1 a cargo de personal debidamente identificado y en el caso de quienes se encuentran habilitados, el personal s\u00f3lo verificar\u00e1 la exhibici\u00f3n en un espacio visible, del [&hellip;]<\/p>\n","protected":false},"author":4,"featured_media":73081,"comment_status":"closed","ping_status":"closed","sticky":false,"template":"","format":"standard","meta":{"om_disable_all_campaigns":false,"_jetpack_memberships_contains_paid_content":false,"footnotes":""},"categories":[101,2],"tags":[197,696,33,19],"class_list":["post-105417","post","type-post","status-publish","format-standard","has-post-thumbnail","hentry","category-interes-general-locales","category-locales","tag-buenos-aires","tag-interes-general","tag-locales","tag-san-pedro"],"aioseo_notices":[],"gutentor_comment":0,"jetpack_featured_media_url":"https:\/\/eldiariodesanpedro.com.ar\/sitio\/wp-content\/uploads\/2020\/05\/Baradero-centro.jpg","jetpack_shortlink":"https:\/\/wp.me\/p6RhLt-rqh","jetpack_sharing_enabled":true,"_links":{"self":[{"href":"https:\/\/eldiariodesanpedro.com.ar\/sitio\/wp-json\/wp\/v2\/posts\/105417","targetHints":{"allow":["GET"]}}],"collection":[{"href":"https:\/\/eldiariodesanpedro.com.ar\/sitio\/wp-json\/wp\/v2\/posts"}],"about":[{"href":"https:\/\/eldiariodesanpedro.com.ar\/sitio\/wp-json\/wp\/v2\/types\/post"}],"author":[{"embeddable":true,"href":"https:\/\/eldiariodesanpedro.com.ar\/sitio\/wp-json\/wp\/v2\/users\/4"}],"replies":[{"embeddable":true,"href":"https:\/\/eldiariodesanpedro.com.ar\/sitio\/wp-json\/wp\/v2\/comments?post=105417"}],"version-history":[{"count":1,"href":"https:\/\/eldiariodesanpedro.com.ar\/sitio\/wp-json\/wp\/v2\/posts\/105417\/revisions"}],"predecessor-version":[{"id":105418,"href":"https:\/\/eldiariodesanpedro.com.ar\/sitio\/wp-json\/wp\/v2\/posts\/105417\/revisions\/105418"}],"wp:featuredmedia":[{"embeddable":true,"href":"https:\/\/eldiariodesanpedro.com.ar\/sitio\/wp-json\/wp\/v2\/media\/73081"}],"wp:attachment":[{"href":"https:\/\/eldiariodesanpedro.com.ar\/sitio\/wp-json\/wp\/v2\/media?parent=105417"}],"wp:term":[{"taxonomy":"category","embeddable":true,"href":"https:\/\/eldiariodesanpedro.com.ar\/sitio\/wp-json\/wp\/v2\/categories?post=105417"},{"taxonomy":"post_tag","embeddable":true,"href":"https:\/\/eldiariodesanpedro.com.ar\/sitio\/wp-json\/wp\/v2\/tags?post=105417"}],"curies":[{"name":"wp","href":"https:\/\/api.w.org\/{rel}","templated":true}]}}