{"id":105414,"date":"2022-03-29T13:39:41","date_gmt":"2022-03-29T16:39:41","guid":{"rendered":"https:\/\/eldiariodesanpedro.com.ar\/sitio\/?p=105414"},"modified":"2022-03-29T13:39:42","modified_gmt":"2022-03-29T16:39:42","slug":"paro-nacional-de-trenes-levantan-la-medida-de-fuerza","status":"publish","type":"post","link":"https:\/\/eldiariodesanpedro.com.ar\/sitio\/paro-nacional-de-trenes-levantan-la-medida-de-fuerza\/","title":{"rendered":"Paro nacional de trenes: levantan la medida de fuerza"},"content":{"rendered":"<!-- VideographyWP Plugin Message: Automatic video embedding prevented by plugin options. -->\n\n<p>Desde el gremio que agrupa maquinistas de trenes, La Fraternidad, anunciaron que se suspendi\u00f3 el paro que comenz\u00f3 a primera hora del d\u00eda de hoy.<\/p>\n\n\n\n<p>El servicio de\u00a0<strong>trenes<\/strong>, que estaba afectado a un\u00a0<strong>paro<\/strong>\u00a0nacional, finalmente ser\u00e1 reestablecido desde las 12 horas de hoy con lo que se retoma el funcionamiento de las l\u00edneas que estaban paradas en casi todo el pa\u00eds. Esta decisi\u00f3n sindical retractada provino de\u00a0La Fraternidad, que agrupa a los maquinistas ferroviarios.<\/p>\n\n\n\n<p>Tras un encuentro entre las autoridades gremiales y representantes del\u00a0<strong>Ministerio de Transporte de la Naci\u00f3n<\/strong>, encabezado por\u00a0<strong>Alexis Guerrera<\/strong>, decidieron que se levante la medida de fuerza.<\/p>\n\n\n\n<p><strong>\u00abEn defensa de la industria ferroviaria y de los puestos de trabajo\u00bb<\/strong>, afirmaba la convocatoria que qued\u00f3 sin efecto cuya medida alcanzaba a las principales l\u00edneas de la zona metropolitana y ahora estar\u00e1n reestablecidas al mediod\u00eda:&nbsp;<strong>L\u00ednea Belgrano Norte, Belgrano Sur, Mitre, Roca, Sarmiento, San Mart\u00edn y Urquiza<\/strong>.<\/p>\n\n\n\n<p>En el comunicado oficial, La Fraternidad expresaba \u00abmalestar con las conductas de los gobernadores que se adue\u00f1an de territorios ferroviarios que son propiedad de la naci\u00f3n as\u00ed como las conductas de funcionarios y ministros con terrenos ferroviarios para distintos fines y no para viviendas de trabajadores del gremio\u00bb.<\/p>\n\n\n\n<h2 class=\"wp-block-heading\">Protesta tras el descarrilamiento<\/h2>\n\n\n\n<p>Desde el gremio que agrupa a trabajadores de trenes, conducido por\u00a0<strong>Omar Maturano<\/strong>, se refirieron al\u00a0descarrilamiento ocurrido el pasado 8 de marzo de en Olavarr\u00eda, que deriv\u00f3 en la decisi\u00f3n judicial de suspender la circulaci\u00f3n del tren de pasajeros operado por\u00a0<strong>Trenes Argentinos<\/strong>\u00a0que recorre el ramal Constituci\u00f3n-Bah\u00eda Blanca.<\/p>\n\n\n\n<p><strong>\u00abLa clausura de servicios ferroviarios, sin pericias t\u00e9cnicas previas, afecta econ\u00f3micamente a los sectores populares que utilizan el ferrocarril por sus tarifas sociales econ\u00f3micas\u00bb<\/strong>, resaltaron desde el Sindicato de conductores ferroviarios.<\/p>\n\n\n\n<p>Como inform\u00f3, el juez federal de Azul,<strong>\u00a0Gabriel Di Giulio<\/strong>, dio a conocer los motivos por los que decidi\u00f3 mantener la prohibici\u00f3n para la circulaci\u00f3n de los trenes en el tramo Ca\u00f1uelas- Bah\u00eda Blanca y las razones que lo llevaron a levantar la inhabilitaci\u00f3n en el sector Constituci\u00f3n- Ca\u00f1uelas.<\/p>\n\n\n\n<p>En el informe, se mencionan \u201cposibles problemas en la infraestructura ferroviaria\u201d en base a las conclusiones preliminares de las pericias e inspecciones oculares realizadas por la Polic\u00eda Cient\u00edfica.<\/p>\n\n\n\n<p><a href=\"https:\/\/media.infocielo.com\/p\/b3164e92cbe7adb33eb99217e18248ac\/adjuntos\/299\/imagenes\/001\/384\/0001384856\/887x0\/smart\/trenesjpg.jpg\"><\/a><\/p>\n","protected":false},"excerpt":{"rendered":"<p>Desde el gremio que agrupa maquinistas de trenes, La Fraternidad, anunciaron que se suspendi\u00f3 el paro que comenz\u00f3 a primera hora del d\u00eda de hoy. El servicio de\u00a0trenes, que estaba afectado a un\u00a0paro\u00a0nacional, finalmente ser\u00e1 reestablecido desde las 12 horas de hoy con lo que se retoma el funcionamiento de las l\u00edneas que estaban paradas [&hellip;]<\/p>\n","protected":false},"author":4,"featured_media":105415,"comment_status":"closed","ping_status":"closed","sticky":false,"template":"","format":"standard","meta":{"om_disable_all_campaigns":false,"_jetpack_memberships_contains_paid_content":false,"footnotes":""},"categories":[101,2],"tags":[197,696,33,19],"class_list":["post-105414","post","type-post","status-publish","format-standard","has-post-thumbnail","hentry","category-interes-general-locales","category-locales","tag-buenos-aires","tag-interes-general","tag-locales","tag-san-pedro"],"aioseo_notices":[],"gutentor_comment":0,"jetpack_featured_media_url":"https:\/\/eldiariodesanpedro.com.ar\/sitio\/wp-content\/uploads\/2022\/03\/trenesjpg.webp","jetpack_shortlink":"https:\/\/wp.me\/p6RhLt-rqe","jetpack_sharing_enabled":true,"_links":{"self":[{"href":"https:\/\/eldiariodesanpedro.com.ar\/sitio\/wp-json\/wp\/v2\/posts\/105414","targetHints":{"allow":["GET"]}}],"collection":[{"href":"https:\/\/eldiariodesanpedro.com.ar\/sitio\/wp-json\/wp\/v2\/posts"}],"about":[{"href":"https:\/\/eldiariodesanpedro.com.ar\/sitio\/wp-json\/wp\/v2\/types\/post"}],"author":[{"embeddable":true,"href":"https:\/\/eldiariodesanpedro.com.ar\/sitio\/wp-json\/wp\/v2\/users\/4"}],"replies":[{"embeddable":true,"href":"https:\/\/eldiariodesanpedro.com.ar\/sitio\/wp-json\/wp\/v2\/comments?post=105414"}],"version-history":[{"count":1,"href":"https:\/\/eldiariodesanpedro.com.ar\/sitio\/wp-json\/wp\/v2\/posts\/105414\/revisions"}],"predecessor-version":[{"id":105416,"href":"https:\/\/eldiariodesanpedro.com.ar\/sitio\/wp-json\/wp\/v2\/posts\/105414\/revisions\/105416"}],"wp:featuredmedia":[{"embeddable":true,"href":"https:\/\/eldiariodesanpedro.com.ar\/sitio\/wp-json\/wp\/v2\/media\/105415"}],"wp:attachment":[{"href":"https:\/\/eldiariodesanpedro.com.ar\/sitio\/wp-json\/wp\/v2\/media?parent=105414"}],"wp:term":[{"taxonomy":"category","embeddable":true,"href":"https:\/\/eldiariodesanpedro.com.ar\/sitio\/wp-json\/wp\/v2\/categories?post=105414"},{"taxonomy":"post_tag","embeddable":true,"href":"https:\/\/eldiariodesanpedro.com.ar\/sitio\/wp-json\/wp\/v2\/tags?post=105414"}],"curies":[{"name":"wp","href":"https:\/\/api.w.org\/{rel}","templated":true}]}}