{"id":105411,"date":"2022-03-29T13:34:49","date_gmt":"2022-03-29T16:34:49","guid":{"rendered":"https:\/\/eldiariodesanpedro.com.ar\/sitio\/?p=105411"},"modified":"2022-03-29T13:34:49","modified_gmt":"2022-03-29T16:34:49","slug":"un-automovil-colisiono-contra-una-columna-en-el-cruce-de-la-191-y-la-9","status":"publish","type":"post","link":"https:\/\/eldiariodesanpedro.com.ar\/sitio\/un-automovil-colisiono-contra-una-columna-en-el-cruce-de-la-191-y-la-9\/","title":{"rendered":"Un autom\u00f3vil colisiono contra una columna en el cruce de la 191 y la 9"},"content":{"rendered":"<!-- VideographyWP Plugin Message: Automatic video embedding prevented by plugin options. -->\n\n<p>El siniestro tuvo lugar en el d\u00eda de ayer, cerca de las 14.30 hs. en la Ruta 191, en inmediaciones del puente de Ruta Nacional N\u00b0 9. Por causas que se tratan de establecer, el conductor de un autom\u00f3vil Peugeot 208 que circulaba en direcci\u00f3n hacia Arrecifes, perdi\u00f3 el control del colisionando con una columna rodado.<\/p>\n\n\n\n<p>Como consecuencia de ello result\u00f3 lesionado y fue trasladado a guardia de Hospital local por una ambulancia del SAME, presentando lesiones &nbsp;de car\u00e1cter leves.<\/p>\n","protected":false},"excerpt":{"rendered":"<p>El siniestro tuvo lugar en el d\u00eda de ayer, cerca de las 14.30 hs. en la Ruta 191, en inmediaciones del puente de Ruta Nacional N\u00b0 9. Por causas que se tratan de establecer, el conductor de un autom\u00f3vil Peugeot 208 que circulaba en direcci\u00f3n hacia Arrecifes, perdi\u00f3 el control del colisionando con una columna [&hellip;]<\/p>\n","protected":false},"author":4,"featured_media":105412,"comment_status":"closed","ping_status":"closed","sticky":false,"template":"","format":"standard","meta":{"om_disable_all_campaigns":false,"_jetpack_memberships_contains_paid_content":false,"footnotes":""},"categories":[50,2,103],"tags":[197,33,95,19],"class_list":["post-105411","post","type-post","status-publish","format-standard","has-post-thumbnail","hentry","category-destacadas","category-locales","category-policiales-locales","tag-buenos-aires","tag-locales","tag-policiales","tag-san-pedro"],"aioseo_notices":[],"gutentor_comment":0,"jetpack_featured_media_url":"https:\/\/eldiariodesanpedro.com.ar\/sitio\/wp-content\/uploads\/2022\/03\/IMG-20220329-WA0011-770x433-1.jpg","jetpack_shortlink":"https:\/\/wp.me\/p6RhLt-rqb","jetpack_sharing_enabled":true,"_links":{"self":[{"href":"https:\/\/eldiariodesanpedro.com.ar\/sitio\/wp-json\/wp\/v2\/posts\/105411","targetHints":{"allow":["GET"]}}],"collection":[{"href":"https:\/\/eldiariodesanpedro.com.ar\/sitio\/wp-json\/wp\/v2\/posts"}],"about":[{"href":"https:\/\/eldiariodesanpedro.com.ar\/sitio\/wp-json\/wp\/v2\/types\/post"}],"author":[{"embeddable":true,"href":"https:\/\/eldiariodesanpedro.com.ar\/sitio\/wp-json\/wp\/v2\/users\/4"}],"replies":[{"embeddable":true,"href":"https:\/\/eldiariodesanpedro.com.ar\/sitio\/wp-json\/wp\/v2\/comments?post=105411"}],"version-history":[{"count":1,"href":"https:\/\/eldiariodesanpedro.com.ar\/sitio\/wp-json\/wp\/v2\/posts\/105411\/revisions"}],"predecessor-version":[{"id":105413,"href":"https:\/\/eldiariodesanpedro.com.ar\/sitio\/wp-json\/wp\/v2\/posts\/105411\/revisions\/105413"}],"wp:featuredmedia":[{"embeddable":true,"href":"https:\/\/eldiariodesanpedro.com.ar\/sitio\/wp-json\/wp\/v2\/media\/105412"}],"wp:attachment":[{"href":"https:\/\/eldiariodesanpedro.com.ar\/sitio\/wp-json\/wp\/v2\/media?parent=105411"}],"wp:term":[{"taxonomy":"category","embeddable":true,"href":"https:\/\/eldiariodesanpedro.com.ar\/sitio\/wp-json\/wp\/v2\/categories?post=105411"},{"taxonomy":"post_tag","embeddable":true,"href":"https:\/\/eldiariodesanpedro.com.ar\/sitio\/wp-json\/wp\/v2\/tags?post=105411"}],"curies":[{"name":"wp","href":"https:\/\/api.w.org\/{rel}","templated":true}]}}