{"id":105405,"date":"2022-03-29T13:21:38","date_gmt":"2022-03-29T16:21:38","guid":{"rendered":"https:\/\/eldiariodesanpedro.com.ar\/sitio\/?p=105405"},"modified":"2022-03-29T13:21:39","modified_gmt":"2022-03-29T16:21:39","slug":"pj-san-pedro-presento-a-nelson-vlaeminck-como-presidente%ef%bf%bc","status":"publish","type":"post","link":"https:\/\/eldiariodesanpedro.com.ar\/sitio\/pj-san-pedro-presento-a-nelson-vlaeminck-como-presidente%ef%bf%bc\/","title":{"rendered":"PJ San Pedro present\u00f3 a Nelson Vlaeminck como presidente\ufffc"},"content":{"rendered":"<!-- VideographyWP Plugin Message: Automatic video embedding prevented by plugin options. -->\n\n<p>En la noche de este domingo, en el Club Defensores Unidos, se concret\u00f3 la cena de presentaci\u00f3n de las nuevas autoridades del Partido Justicialista. La joven de La C\u00e1mpora, Narela P\u00e9rez; el intendente en licencia Cecilio Salazar; y el propio Vlaeminck fueron los oradores en la jornada. Horacio Azzoni, titular local de la UOCRA, ser\u00e1 el vicepresidente del espacio.<\/p>\n\n\n\n<p>El&nbsp;<strong>Club Defensores Unidos<\/strong>&nbsp;fue el escenario en la noche de este domingo de la&nbsp;<strong>presentaci\u00f3n de las nuevas autoridades<\/strong>&nbsp;del&nbsp;<strong>Partido Justicialista de San Pedro<\/strong>.&nbsp;<\/p>\n\n\n\n<p>Con la presencia de autoridades municipales y del Concejo Deliberante, as\u00ed como sindicatos, agrupaciones peronistas y militantes, se concret\u00f3 por medio de la secretar\u00eda Administrativa y de Actas la&nbsp;<strong>lectura del documento de presentaci\u00f3n<\/strong>&nbsp;de las autoridades partidarias.&nbsp;<\/p>\n\n\n\n<p><strong>Narela P\u00e9rez<\/strong>, referente de La C\u00e1mpora San Pedro, fue la primera en hacer uso de la palabra, seguida por el intendente en uso de licencia e integrante del directorio de Trenes Argentinos Cargas,&nbsp;<strong>Cecilio Salazar<\/strong>.<\/p>\n\n\n\n<p>El flamante presidente del justicialismo local,\u00a0<strong>Nelson Vlaeminck<\/strong>, junto a quien ser\u00e1 el vicepresidente,\u00a0<strong>Horacio Azzoni<\/strong>, fue el encargado de cerrar la jornada, con el agradecimiento a quienes estaban presentes y la invitaci\u00f3n a continuar con el trabajo de unidad conseguido entre diversos sectores.<\/p>\n\n\n\n<p>Fuente: Visi\u00f3n Regional<\/p>\n","protected":false},"excerpt":{"rendered":"<p>En la noche de este domingo, en el Club Defensores Unidos, se concret\u00f3 la cena de presentaci\u00f3n de las nuevas autoridades del Partido Justicialista. La joven de La C\u00e1mpora, Narela P\u00e9rez; el intendente en licencia Cecilio Salazar; y el propio Vlaeminck fueron los oradores en la jornada. Horacio Azzoni, titular local de la UOCRA, ser\u00e1 [&hellip;]<\/p>\n","protected":false},"author":4,"featured_media":105406,"comment_status":"closed","ping_status":"closed","sticky":false,"template":"","format":"standard","meta":{"om_disable_all_campaigns":false,"_jetpack_memberships_contains_paid_content":false,"footnotes":""},"categories":[101,2],"tags":[197,696,33,19],"class_list":["post-105405","post","type-post","status-publish","format-standard","has-post-thumbnail","hentry","category-interes-general-locales","category-locales","tag-buenos-aires","tag-interes-general","tag-locales","tag-san-pedro"],"aioseo_notices":[],"gutentor_comment":0,"jetpack_featured_media_url":"https:\/\/eldiariodesanpedro.com.ar\/sitio\/wp-content\/uploads\/2022\/03\/PJ-San-Pedro.jpg","jetpack_shortlink":"https:\/\/wp.me\/p6RhLt-rq5","jetpack_sharing_enabled":true,"_links":{"self":[{"href":"https:\/\/eldiariodesanpedro.com.ar\/sitio\/wp-json\/wp\/v2\/posts\/105405","targetHints":{"allow":["GET"]}}],"collection":[{"href":"https:\/\/eldiariodesanpedro.com.ar\/sitio\/wp-json\/wp\/v2\/posts"}],"about":[{"href":"https:\/\/eldiariodesanpedro.com.ar\/sitio\/wp-json\/wp\/v2\/types\/post"}],"author":[{"embeddable":true,"href":"https:\/\/eldiariodesanpedro.com.ar\/sitio\/wp-json\/wp\/v2\/users\/4"}],"replies":[{"embeddable":true,"href":"https:\/\/eldiariodesanpedro.com.ar\/sitio\/wp-json\/wp\/v2\/comments?post=105405"}],"version-history":[{"count":1,"href":"https:\/\/eldiariodesanpedro.com.ar\/sitio\/wp-json\/wp\/v2\/posts\/105405\/revisions"}],"predecessor-version":[{"id":105407,"href":"https:\/\/eldiariodesanpedro.com.ar\/sitio\/wp-json\/wp\/v2\/posts\/105405\/revisions\/105407"}],"wp:featuredmedia":[{"embeddable":true,"href":"https:\/\/eldiariodesanpedro.com.ar\/sitio\/wp-json\/wp\/v2\/media\/105406"}],"wp:attachment":[{"href":"https:\/\/eldiariodesanpedro.com.ar\/sitio\/wp-json\/wp\/v2\/media?parent=105405"}],"wp:term":[{"taxonomy":"category","embeddable":true,"href":"https:\/\/eldiariodesanpedro.com.ar\/sitio\/wp-json\/wp\/v2\/categories?post=105405"},{"taxonomy":"post_tag","embeddable":true,"href":"https:\/\/eldiariodesanpedro.com.ar\/sitio\/wp-json\/wp\/v2\/tags?post=105405"}],"curies":[{"name":"wp","href":"https:\/\/api.w.org\/{rel}","templated":true}]}}