{"id":105402,"date":"2022-03-29T13:15:10","date_gmt":"2022-03-29T16:15:10","guid":{"rendered":"https:\/\/eldiariodesanpedro.com.ar\/sitio\/?p=105402"},"modified":"2022-03-29T13:15:11","modified_gmt":"2022-03-29T16:15:11","slug":"maia-sosa-y-rodrigo-melchiori-ganaron-un-certamen-de-cumbia-rock-en-mar-del-plata","status":"publish","type":"post","link":"https:\/\/eldiariodesanpedro.com.ar\/sitio\/maia-sosa-y-rodrigo-melchiori-ganaron-un-certamen-de-cumbia-rock-en-mar-del-plata\/","title":{"rendered":"Maia Sosa y Rodrigo Melchiori ganaron un certamen de cumbia rock en Mar del Plata"},"content":{"rendered":"<!-- VideographyWP Plugin Message: Automatic video embedding prevented by plugin options. -->\n\n<p>El s\u00e1bado en Mar del Plata, \u00bb Vida Amateur\u00bb organiz\u00f3 una competencia en la ciudad de Mar del Plata donde San Pedro estuvo presente. La pareja de nuestra ciudad se qued\u00f3 con el primer lugar.<\/p>\n\n\n\n<p>Durante los d\u00edas 11 y 12 de marzo en nuestra ciudad se llev\u00f3 adelante una competencia de cumbia rock en el sal\u00f3n DIMA organizado por Flavio Gimenez, Karina Perez y Ezequiel Yerman.<\/p>\n\n\n\n<p>Los ganadores de las distintas categor\u00edas obtuvieron como premio dinero en efectivo y la posibilidad de competir en Mar del Plata.<\/p>\n\n\n\n<p>El s\u00e1bado pasado, \u00abVida Amateur\u00bb organiz\u00f3 una competencia en la ciudad de Mar del Plata donde San Pedro estuvo presente.<\/p>\n\n\n\n<p>Acompa\u00f1ados por la Secretaria de turismo y cultura Marcela Cu\u00f1er y por los organizadores de la competencia de San Pedro, los competidores de nuestra ciudad se presentaron en el Centro de Castilla y Leon donde se realiz\u00f3 dicha competencia que cont\u00f3 con la presencia de destacadas figuras marplatenses como jurados: Jennifer Guivanelli, Jairo Villalva, Fabio Dorado, Fran Gonz\u00e1lez y Bruno Garcia, quienes tuvieron la dif\u00edcil tarea de juzgar a 16 parejas durante un minuto con items como: presencia esc\u00e9nica y carisma, interpretaci\u00f3n musical y tempo, figuras y creatividad coreogr\u00e1fica, t\u00e9cnica y conexi\u00f3n con la pareja. As\u00ed luego de octavos, cuartos, semi final y final se consagraron campeones:<\/p>\n\n\n\n<p>1\u00b0 puesto: RODRIGO MELCHIORI y MAIA SOSA (San Pedro)<\/p>\n\n\n\n<p>2\u00b0 puesto: ALBERTO ACOSTA y SANDRA GONZALEZ (MDP)<\/p>\n\n\n\n<p>3\u00b0 puesto: PABLO HEFFLING y NATALIA MARTINEZ. (MDP)<\/p>\n\n\n\n<p>Fuente: San Pedro Informa<\/p>\n","protected":false},"excerpt":{"rendered":"<p>El s\u00e1bado en Mar del Plata, \u00bb Vida Amateur\u00bb organiz\u00f3 una competencia en la ciudad de Mar del Plata donde San Pedro estuvo presente. La pareja de nuestra ciudad se qued\u00f3 con el primer lugar. Durante los d\u00edas 11 y 12 de marzo en nuestra ciudad se llev\u00f3 adelante una competencia de cumbia rock en [&hellip;]<\/p>\n","protected":false},"author":4,"featured_media":105403,"comment_status":"closed","ping_status":"closed","sticky":false,"template":"","format":"standard","meta":{"om_disable_all_campaigns":false,"_jetpack_memberships_contains_paid_content":false,"footnotes":""},"categories":[50,101,2],"tags":[197,696,33,19],"class_list":["post-105402","post","type-post","status-publish","format-standard","has-post-thumbnail","hentry","category-destacadas","category-interes-general-locales","category-locales","tag-buenos-aires","tag-interes-general","tag-locales","tag-san-pedro"],"aioseo_notices":[],"gutentor_comment":0,"jetpack_featured_media_url":"https:\/\/eldiariodesanpedro.com.ar\/sitio\/wp-content\/uploads\/2022\/03\/0000020774-resized-1920x1080-1.jpg","jetpack_shortlink":"https:\/\/wp.me\/p6RhLt-rq2","jetpack_sharing_enabled":true,"_links":{"self":[{"href":"https:\/\/eldiariodesanpedro.com.ar\/sitio\/wp-json\/wp\/v2\/posts\/105402","targetHints":{"allow":["GET"]}}],"collection":[{"href":"https:\/\/eldiariodesanpedro.com.ar\/sitio\/wp-json\/wp\/v2\/posts"}],"about":[{"href":"https:\/\/eldiariodesanpedro.com.ar\/sitio\/wp-json\/wp\/v2\/types\/post"}],"author":[{"embeddable":true,"href":"https:\/\/eldiariodesanpedro.com.ar\/sitio\/wp-json\/wp\/v2\/users\/4"}],"replies":[{"embeddable":true,"href":"https:\/\/eldiariodesanpedro.com.ar\/sitio\/wp-json\/wp\/v2\/comments?post=105402"}],"version-history":[{"count":1,"href":"https:\/\/eldiariodesanpedro.com.ar\/sitio\/wp-json\/wp\/v2\/posts\/105402\/revisions"}],"predecessor-version":[{"id":105404,"href":"https:\/\/eldiariodesanpedro.com.ar\/sitio\/wp-json\/wp\/v2\/posts\/105402\/revisions\/105404"}],"wp:featuredmedia":[{"embeddable":true,"href":"https:\/\/eldiariodesanpedro.com.ar\/sitio\/wp-json\/wp\/v2\/media\/105403"}],"wp:attachment":[{"href":"https:\/\/eldiariodesanpedro.com.ar\/sitio\/wp-json\/wp\/v2\/media?parent=105402"}],"wp:term":[{"taxonomy":"category","embeddable":true,"href":"https:\/\/eldiariodesanpedro.com.ar\/sitio\/wp-json\/wp\/v2\/categories?post=105402"},{"taxonomy":"post_tag","embeddable":true,"href":"https:\/\/eldiariodesanpedro.com.ar\/sitio\/wp-json\/wp\/v2\/tags?post=105402"}],"curies":[{"name":"wp","href":"https:\/\/api.w.org\/{rel}","templated":true}]}}