{"id":105399,"date":"2022-03-29T13:06:29","date_gmt":"2022-03-29T16:06:29","guid":{"rendered":"https:\/\/eldiariodesanpedro.com.ar\/sitio\/?p=105399"},"modified":"2022-03-29T13:06:30","modified_gmt":"2022-03-29T16:06:30","slug":"estafadores-viralizan-una-falsa-campana-en-san-pedro-y-otros-puntos-de-la-provincia","status":"publish","type":"post","link":"https:\/\/eldiariodesanpedro.com.ar\/sitio\/estafadores-viralizan-una-falsa-campana-en-san-pedro-y-otros-puntos-de-la-provincia\/","title":{"rendered":"Estafadores viralizan una falsa campa\u00f1a en San Pedro y otros puntos de la provincia"},"content":{"rendered":"<!-- VideographyWP Plugin Message: Automatic video embedding prevented by plugin options. -->\n\n<p>En la tarde de ayer comenz\u00f3 a viralizarse una campa\u00f1a, que luego se podr\u00eda establecer que era falsa, para colaborar econ\u00f3micamente con un ni\u00f1a que sufr\u00eda c\u00e1ncer.<\/p>\n\n\n\n<p>El Facebook que el hombre brind\u00f3 como propio carec\u00eda de los suficientes datos personales y sin actividad. Tampoco accedi\u00f3 a ser entrevistado en persona. Luego se pudo establecer, al googlear la informaci\u00f3n que diferentes medios de la provincia hab\u00edan difundido la informaci\u00f3n y as\u00ed como la que lleg\u00f3 a los medios de la ciudad, en todas las que la persona que envi\u00f3 los mensajes asegur\u00f3 ser oriundo de la localidad en cuesti\u00f3n, tal como paso con medios de San Pedro, Berazategui, La Matanza, Lomas de Zamora, La Plata, entre otros.<\/p>\n\n\n\n<p>El mensaje falso expresaba:&nbsp;<em>\u00abHola mi nombre es Pablo Cuello, hace 8 meses venimos luchando con mi hija que tiene un tumor en el estomago el cual operaron. En la cirug\u00eda, no le pudieron sacar todo y le qued\u00f3 un resto de tipo maligno. Hace 30 d\u00edas la trasplantaron y ahora estamos esperando que responda para poder continuar con radioterapia y matar el resto maligno. Lamentablemente me acabo de quedar sin trabajo y no puedo afrontar mas los costos de traslados, controles, y deudas que se me fueron juntando. Estoy realmente desesperado necesito la ayuda de ustedes para terminar con el tratamiento de mi hija. Toda ayuda suma! Dejo mi CBU y ALIAS para el que quiera colaborar y tambi\u00e9n si pueden compartir la publicaci\u00f3n ser\u00e1 de gran ayuda!<\/em><br><em>CBU: 1430001713027598360015<\/em><br><em>Alias: pablo.22.cuello\u00bb<\/em><\/p>\n\n\n\n<p>Y luego expresaba:&nbsp;<em>\u00abLes pido si por favor pueden ayudarme a difundir mi publicaci\u00f3n, estoy desesperado necesito ayuda urgente,soy de San Pedro. Muchas gracias!\u00bb<\/em><\/p>\n\n\n\n<p><a href=\"http:\/\/canalwebsanpedro.com.ar\/estafadores-viralizan-una-falsa-campana-en-san-pedro-y-otros-puntos-de-la-provincia\/\"><\/a><\/p>\n","protected":false},"excerpt":{"rendered":"<p>En la tarde de ayer comenz\u00f3 a viralizarse una campa\u00f1a, que luego se podr\u00eda establecer que era falsa, para colaborar econ\u00f3micamente con un ni\u00f1a que sufr\u00eda c\u00e1ncer. El Facebook que el hombre brind\u00f3 como propio carec\u00eda de los suficientes datos personales y sin actividad. Tampoco accedi\u00f3 a ser entrevistado en persona. Luego se pudo establecer, [&hellip;]<\/p>\n","protected":false},"author":4,"featured_media":105400,"comment_status":"closed","ping_status":"closed","sticky":false,"template":"","format":"standard","meta":{"om_disable_all_campaigns":false,"_jetpack_memberships_contains_paid_content":false,"footnotes":""},"categories":[50,101,2],"tags":[197,696,33,19],"class_list":["post-105399","post","type-post","status-publish","format-standard","has-post-thumbnail","hentry","category-destacadas","category-interes-general-locales","category-locales","tag-buenos-aires","tag-interes-general","tag-locales","tag-san-pedro"],"aioseo_notices":[],"gutentor_comment":0,"jetpack_featured_media_url":"https:\/\/eldiariodesanpedro.com.ar\/sitio\/wp-content\/uploads\/2022\/03\/IMG_20220329_084711-800x445-1.jpg","jetpack_shortlink":"https:\/\/wp.me\/p6RhLt-rpZ","jetpack_sharing_enabled":true,"_links":{"self":[{"href":"https:\/\/eldiariodesanpedro.com.ar\/sitio\/wp-json\/wp\/v2\/posts\/105399","targetHints":{"allow":["GET"]}}],"collection":[{"href":"https:\/\/eldiariodesanpedro.com.ar\/sitio\/wp-json\/wp\/v2\/posts"}],"about":[{"href":"https:\/\/eldiariodesanpedro.com.ar\/sitio\/wp-json\/wp\/v2\/types\/post"}],"author":[{"embeddable":true,"href":"https:\/\/eldiariodesanpedro.com.ar\/sitio\/wp-json\/wp\/v2\/users\/4"}],"replies":[{"embeddable":true,"href":"https:\/\/eldiariodesanpedro.com.ar\/sitio\/wp-json\/wp\/v2\/comments?post=105399"}],"version-history":[{"count":1,"href":"https:\/\/eldiariodesanpedro.com.ar\/sitio\/wp-json\/wp\/v2\/posts\/105399\/revisions"}],"predecessor-version":[{"id":105401,"href":"https:\/\/eldiariodesanpedro.com.ar\/sitio\/wp-json\/wp\/v2\/posts\/105399\/revisions\/105401"}],"wp:featuredmedia":[{"embeddable":true,"href":"https:\/\/eldiariodesanpedro.com.ar\/sitio\/wp-json\/wp\/v2\/media\/105400"}],"wp:attachment":[{"href":"https:\/\/eldiariodesanpedro.com.ar\/sitio\/wp-json\/wp\/v2\/media?parent=105399"}],"wp:term":[{"taxonomy":"category","embeddable":true,"href":"https:\/\/eldiariodesanpedro.com.ar\/sitio\/wp-json\/wp\/v2\/categories?post=105399"},{"taxonomy":"post_tag","embeddable":true,"href":"https:\/\/eldiariodesanpedro.com.ar\/sitio\/wp-json\/wp\/v2\/tags?post=105399"}],"curies":[{"name":"wp","href":"https:\/\/api.w.org\/{rel}","templated":true}]}}