{"id":105392,"date":"2022-03-28T19:25:31","date_gmt":"2022-03-28T22:25:31","guid":{"rendered":"https:\/\/eldiariodesanpedro.com.ar\/sitio\/?p=105392"},"modified":"2022-03-28T19:25:31","modified_gmt":"2022-03-28T22:25:31","slug":"edicto-de-sucesion-de-revol-bernardo-vazquez-lidia-ines-y-revol-sergio-dario","status":"publish","type":"post","link":"https:\/\/eldiariodesanpedro.com.ar\/sitio\/edicto-de-sucesion-de-revol-bernardo-vazquez-lidia-ines-y-revol-sergio-dario\/","title":{"rendered":"Edicto de Sucesi\u00f3n de Revol Bernardo, \u00a0Vazquez Lidia Ines y Revol Sergio Dario"},"content":{"rendered":"<!-- VideographyWP Plugin Message: Automatic video embedding prevented by plugin options. -->\n\n<p>El Juzgado de Paz de San Pedro cita y emplaza por treinta d\u00edas a herederos y acreedores de los<br>\u00a0causantes: <strong>Revol Bernardo, \u00a0Vazquez Lidia Ines y Revol Sergio Dario<\/strong>.<strong>&#8211;<\/strong> \u00a0San Pedro,10 de Noviembre de 2021.<\/p>\n\n\n\n<p>FACUNDO VELLON<br>ABOGADO SECRETARIO<\/p>\n\n\n\n<p>(Publicaci\u00f3n v\u00e1lida para los d\u00edas 28, 29 y 30 de Marzo de 2022)<br><a href=\"https:\/\/notificaciones.scba.gov.ar\/verificarnotificacion.aspx?codNotif=3M9WW2\">https:\/\/notificaciones.scba.gov.ar\/verificarnotificacion.aspx?codNotif=3M9WW2<\/a><\/p>\n","protected":false},"excerpt":{"rendered":"<p>El Juzgado de Paz de San Pedro cita y emplaza por treinta d\u00edas a herederos y acreedores de los\u00a0causantes: Revol Bernardo, \u00a0Vazquez Lidia Ines y Revol Sergio Dario.&#8211; \u00a0San Pedro,10 de Noviembre de 2021. FACUNDO VELLONABOGADO SECRETARIO (Publicaci\u00f3n v\u00e1lida para los d\u00edas 28, 29 y 30 de Marzo de 2022)https:\/\/notificaciones.scba.gov.ar\/verificarnotificacion.aspx?codNotif=3M9WW2<\/p>\n","protected":false},"author":4,"featured_media":102746,"comment_status":"closed","ping_status":"closed","sticky":false,"template":"","format":"standard","meta":{"om_disable_all_campaigns":false,"_jetpack_memberships_contains_paid_content":false,"footnotes":""},"categories":[676,677],"tags":[197,1121,2799,1355,19,1122,2800],"class_list":["post-105392","post","type-post","status-publish","format-standard","has-post-thumbnail","hentry","category-edictos","category-edictos-sucesorios","tag-buenos-aires","tag-edicto","tag-edicto-de-sucesion-de-revol-bernardo","tag-judiciales","tag-san-pedro","tag-sucesion","tag-vazquez-lidia-ines-y-revol-sergio-dario"],"aioseo_notices":[],"gutentor_comment":0,"jetpack_featured_media_url":"https:\/\/eldiariodesanpedro.com.ar\/sitio\/wp-content\/uploads\/2022\/01\/EDICTO.jpg","jetpack_shortlink":"https:\/\/wp.me\/p6RhLt-rpS","jetpack_sharing_enabled":true,"_links":{"self":[{"href":"https:\/\/eldiariodesanpedro.com.ar\/sitio\/wp-json\/wp\/v2\/posts\/105392","targetHints":{"allow":["GET"]}}],"collection":[{"href":"https:\/\/eldiariodesanpedro.com.ar\/sitio\/wp-json\/wp\/v2\/posts"}],"about":[{"href":"https:\/\/eldiariodesanpedro.com.ar\/sitio\/wp-json\/wp\/v2\/types\/post"}],"author":[{"embeddable":true,"href":"https:\/\/eldiariodesanpedro.com.ar\/sitio\/wp-json\/wp\/v2\/users\/4"}],"replies":[{"embeddable":true,"href":"https:\/\/eldiariodesanpedro.com.ar\/sitio\/wp-json\/wp\/v2\/comments?post=105392"}],"version-history":[{"count":1,"href":"https:\/\/eldiariodesanpedro.com.ar\/sitio\/wp-json\/wp\/v2\/posts\/105392\/revisions"}],"predecessor-version":[{"id":105393,"href":"https:\/\/eldiariodesanpedro.com.ar\/sitio\/wp-json\/wp\/v2\/posts\/105392\/revisions\/105393"}],"wp:featuredmedia":[{"embeddable":true,"href":"https:\/\/eldiariodesanpedro.com.ar\/sitio\/wp-json\/wp\/v2\/media\/102746"}],"wp:attachment":[{"href":"https:\/\/eldiariodesanpedro.com.ar\/sitio\/wp-json\/wp\/v2\/media?parent=105392"}],"wp:term":[{"taxonomy":"category","embeddable":true,"href":"https:\/\/eldiariodesanpedro.com.ar\/sitio\/wp-json\/wp\/v2\/categories?post=105392"},{"taxonomy":"post_tag","embeddable":true,"href":"https:\/\/eldiariodesanpedro.com.ar\/sitio\/wp-json\/wp\/v2\/tags?post=105392"}],"curies":[{"name":"wp","href":"https:\/\/api.w.org\/{rel}","templated":true}]}}