{"id":10539,"date":"2016-11-22T18:55:56","date_gmt":"2016-11-22T21:55:56","guid":{"rendered":"https:\/\/eldiariodesanpedro.com.ar\/sitio\/?p=10539"},"modified":"2016-11-22T18:55:56","modified_gmt":"2016-11-22T21:55:56","slug":"secuestran-1200-kilos-de-marihuana-ocultos-en-cunas-de-madera-el-destino-era-zarate-y-pilar","status":"publish","type":"post","link":"https:\/\/eldiariodesanpedro.com.ar\/sitio\/secuestran-1200-kilos-de-marihuana-ocultos-en-cunas-de-madera-el-destino-era-zarate-y-pilar\/","title":{"rendered":"Secuestran 1200 kilos de marihuana ocultos en cunas de madera: el destino era Z\u00e1rate y Pilar"},"content":{"rendered":"<p><!-- VideographyWP Plugin Message: Automatic video embedding prevented by plugin options. --><br \/>\nUnos 1.200 kilos de marihuana ocultos en cunas de madera fueron secuestrados en las \u00faltimas horas durante un operativo que la polic\u00eda realiz\u00f3 en Z\u00e1rate, en el que fueron detenidos tres hombres.<\/p>\n<p>Un jefe policial inform\u00f3 que la droga fue incautada durante un operativo denominado \u201cTrampa Verde\u201d, realizado en las \u00faltimas horas en la ruta nacional 14.<\/p>\n<p>La droga, seg\u00fan el informante, estaba en las cunas que eran transportadas en un cami\u00f3n con acoplado procedente del norte del pa\u00eds.<\/p>\n<p>Seg\u00fan los investigadores, el cami\u00f3n con la droga fue seguido, discretamente, desde Misiones, pas\u00f3 por Corrientes y el destino final era los partidos bonaerenses de Z\u00e1rate y Pilar para distribuci\u00f3n.<\/p>\n<p>El cami\u00f3n contaba con un auto Citroen C5 que oficiaba de apoyo, cuyos ocupantes fueron detenidos junto al conductor del transporte.<\/p>\n<p>En el cami\u00f3n se encontraron 1.604 \u201cladrillos\u201d de marihuana que dio un peso de unos 1.200 kilos, carga valuada en unos 6 millones de pesos, explic\u00f3 el jefe policial a esta agencia.<\/p>\n<p>El procedimiento fue realizado por efectivos de la Divisi\u00f3n de Investigaciones del Tr\u00e1fico de Drogas Il\u00edcitas y Crimen Organizado, de Polic\u00eda Bonaerense, en conjunto con su par de Corrientes.<\/p>\n<p>Interviene en la causa el Juzgado Federal de Primera Instancia de Campana a cargo del Dr. Gonz\u00e1lez Charvay, Secretar\u00eda Penal N\u00b0 2 a cargo del Dr. Mat\u00edas Nicholson.<\/p>\n","protected":false},"excerpt":{"rendered":"<p>Unos 1.200 kilos de marihuana ocultos en cunas de madera fueron secuestrados en las \u00faltimas horas durante un operativo que la polic\u00eda realiz\u00f3 en Z\u00e1rate, en el que fueron detenidos tres hombres. Un jefe policial inform\u00f3 que la droga fue incautada durante un operativo denominado \u201cTrampa Verde\u201d, realizado en las \u00faltimas horas en la ruta [&hellip;]<\/p>\n","protected":false},"author":4,"featured_media":10540,"comment_status":"open","ping_status":"closed","sticky":false,"template":"","format":"standard","meta":{"om_disable_all_campaigns":false,"_jetpack_memberships_contains_paid_content":false,"footnotes":""},"categories":[621],"tags":[],"class_list":["post-10539","post","type-post","status-publish","format-standard","has-post-thumbnail","hentry","category-regionales"],"aioseo_notices":[],"gutentor_comment":0,"jetpack_featured_media_url":"https:\/\/eldiariodesanpedro.com.ar\/sitio\/wp-content\/uploads\/2016\/11\/PAGINA-6-10.jpg","jetpack_shortlink":"https:\/\/wp.me\/p6RhLt-2JZ","jetpack_sharing_enabled":true,"_links":{"self":[{"href":"https:\/\/eldiariodesanpedro.com.ar\/sitio\/wp-json\/wp\/v2\/posts\/10539","targetHints":{"allow":["GET"]}}],"collection":[{"href":"https:\/\/eldiariodesanpedro.com.ar\/sitio\/wp-json\/wp\/v2\/posts"}],"about":[{"href":"https:\/\/eldiariodesanpedro.com.ar\/sitio\/wp-json\/wp\/v2\/types\/post"}],"author":[{"embeddable":true,"href":"https:\/\/eldiariodesanpedro.com.ar\/sitio\/wp-json\/wp\/v2\/users\/4"}],"replies":[{"embeddable":true,"href":"https:\/\/eldiariodesanpedro.com.ar\/sitio\/wp-json\/wp\/v2\/comments?post=10539"}],"version-history":[{"count":1,"href":"https:\/\/eldiariodesanpedro.com.ar\/sitio\/wp-json\/wp\/v2\/posts\/10539\/revisions"}],"predecessor-version":[{"id":10541,"href":"https:\/\/eldiariodesanpedro.com.ar\/sitio\/wp-json\/wp\/v2\/posts\/10539\/revisions\/10541"}],"wp:featuredmedia":[{"embeddable":true,"href":"https:\/\/eldiariodesanpedro.com.ar\/sitio\/wp-json\/wp\/v2\/media\/10540"}],"wp:attachment":[{"href":"https:\/\/eldiariodesanpedro.com.ar\/sitio\/wp-json\/wp\/v2\/media?parent=10539"}],"wp:term":[{"taxonomy":"category","embeddable":true,"href":"https:\/\/eldiariodesanpedro.com.ar\/sitio\/wp-json\/wp\/v2\/categories?post=10539"},{"taxonomy":"post_tag","embeddable":true,"href":"https:\/\/eldiariodesanpedro.com.ar\/sitio\/wp-json\/wp\/v2\/tags?post=10539"}],"curies":[{"name":"wp","href":"https:\/\/api.w.org\/{rel}","templated":true}]}}