{"id":105386,"date":"2022-03-28T18:50:33","date_gmt":"2022-03-28T21:50:33","guid":{"rendered":"https:\/\/eldiariodesanpedro.com.ar\/sitio\/?p=105386"},"modified":"2022-03-28T18:50:33","modified_gmt":"2022-03-28T21:50:33","slug":"edicto-de-solicitud-de-excedentes-fiscal-de-pya-proyeccion-de-mercado-s-r-l","status":"publish","type":"post","link":"https:\/\/eldiariodesanpedro.com.ar\/sitio\/edicto-de-solicitud-de-excedentes-fiscal-de-pya-proyeccion-de-mercado-s-r-l\/","title":{"rendered":"Edicto de Solicitud de Excedentes Fiscal de Pya Proyecci\u00f3n de Mercado S.R.L"},"content":{"rendered":"<!-- VideographyWP Plugin Message: Automatic video embedding prevented by plugin options. -->\n\n<p>Pya Proyecci\u00f3n de Mercado S.R.L pretende adquirir el dominio del sobrante fiscal, previsto por el Decr-Ley 9533, referido al inmueble <strong>Nomenclatura Catastral: <\/strong>Circunscripci\u00f3n: I, Secci\u00f3n: L; Chacra 4, Fracci\u00f3n I, Parcela: 10, partida 099-29504 lindera a su inmueble ubicada en Callej\u00f3n los dos Pinos s\/n, cuya <strong>Nomenclatura Catastral<\/strong> es: Circunscripci\u00f3n encuentren ubicados en: I, Secci\u00f3n: L; Chacra 4, Fracci\u00f3n I, Parcela: 2, Partida Inmobiliaria 099-231, localidad y partido de San Pedro. Se hace saber que el escribano propuesto para la escrituraci\u00f3n es Gerardo Sim\u00f3n, con domicilio en calle 25 de Mayo 1090, ante el cual se podr\u00e1n formular oposiciones.-&nbsp;&nbsp;&nbsp;&nbsp;&nbsp;&nbsp;&nbsp;&nbsp;&nbsp;&nbsp;&nbsp;&nbsp;&nbsp;&nbsp;&nbsp;&nbsp;&nbsp;&nbsp;&nbsp;&nbsp;&nbsp;&nbsp;&nbsp;&nbsp;&nbsp;&nbsp;&nbsp;&nbsp;&nbsp;&nbsp;&nbsp;&nbsp;&nbsp;&nbsp;&nbsp;&nbsp;&nbsp;&nbsp;&nbsp;&nbsp;&nbsp;&nbsp;&nbsp;&nbsp;&nbsp;&nbsp;&nbsp;&nbsp;&nbsp;&nbsp;&nbsp;&nbsp;&nbsp;&nbsp;&nbsp;&nbsp;&nbsp;&nbsp;&nbsp;&nbsp;&nbsp;&nbsp;&nbsp;&nbsp;&nbsp;&nbsp;&nbsp;<\/p>\n\n\n\n<p>&nbsp;(Publicaci\u00f3n v\u00e1lida para los d\u00edas 28 y 29 de Marzo de 2022)<br><br><\/p>\n","protected":false},"excerpt":{"rendered":"<p>Pya Proyecci\u00f3n de Mercado S.R.L pretende adquirir el dominio del sobrante fiscal, previsto por el Decr-Ley 9533, referido al inmueble Nomenclatura Catastral: Circunscripci\u00f3n: I, Secci\u00f3n: L; Chacra 4, Fracci\u00f3n I, Parcela: 10, partida 099-29504 lindera a su inmueble ubicada en Callej\u00f3n los dos Pinos s\/n, cuya Nomenclatura Catastral es: Circunscripci\u00f3n encuentren ubicados en: I, Secci\u00f3n: [&hellip;]<\/p>\n","protected":false},"author":4,"featured_media":81115,"comment_status":"closed","ping_status":"closed","sticky":false,"template":"","format":"standard","meta":{"om_disable_all_campaigns":false,"_jetpack_memberships_contains_paid_content":false,"footnotes":""},"categories":[676,677],"tags":[197,1121,1355,19,1122],"class_list":["post-105386","post","type-post","status-publish","format-standard","has-post-thumbnail","hentry","category-edictos","category-edictos-sucesorios","tag-buenos-aires","tag-edicto","tag-judiciales","tag-san-pedro","tag-sucesion"],"aioseo_notices":[],"gutentor_comment":0,"jetpack_featured_media_url":"https:\/\/eldiariodesanpedro.com.ar\/sitio\/wp-content\/uploads\/2020\/09\/Poder-Judicial.jpg","jetpack_shortlink":"https:\/\/wp.me\/p6RhLt-rpM","jetpack_sharing_enabled":true,"_links":{"self":[{"href":"https:\/\/eldiariodesanpedro.com.ar\/sitio\/wp-json\/wp\/v2\/posts\/105386","targetHints":{"allow":["GET"]}}],"collection":[{"href":"https:\/\/eldiariodesanpedro.com.ar\/sitio\/wp-json\/wp\/v2\/posts"}],"about":[{"href":"https:\/\/eldiariodesanpedro.com.ar\/sitio\/wp-json\/wp\/v2\/types\/post"}],"author":[{"embeddable":true,"href":"https:\/\/eldiariodesanpedro.com.ar\/sitio\/wp-json\/wp\/v2\/users\/4"}],"replies":[{"embeddable":true,"href":"https:\/\/eldiariodesanpedro.com.ar\/sitio\/wp-json\/wp\/v2\/comments?post=105386"}],"version-history":[{"count":1,"href":"https:\/\/eldiariodesanpedro.com.ar\/sitio\/wp-json\/wp\/v2\/posts\/105386\/revisions"}],"predecessor-version":[{"id":105387,"href":"https:\/\/eldiariodesanpedro.com.ar\/sitio\/wp-json\/wp\/v2\/posts\/105386\/revisions\/105387"}],"wp:featuredmedia":[{"embeddable":true,"href":"https:\/\/eldiariodesanpedro.com.ar\/sitio\/wp-json\/wp\/v2\/media\/81115"}],"wp:attachment":[{"href":"https:\/\/eldiariodesanpedro.com.ar\/sitio\/wp-json\/wp\/v2\/media?parent=105386"}],"wp:term":[{"taxonomy":"category","embeddable":true,"href":"https:\/\/eldiariodesanpedro.com.ar\/sitio\/wp-json\/wp\/v2\/categories?post=105386"},{"taxonomy":"post_tag","embeddable":true,"href":"https:\/\/eldiariodesanpedro.com.ar\/sitio\/wp-json\/wp\/v2\/tags?post=105386"}],"curies":[{"name":"wp","href":"https:\/\/api.w.org\/{rel}","templated":true}]}}