{"id":10536,"date":"2016-11-22T18:50:53","date_gmt":"2016-11-22T21:50:53","guid":{"rendered":"https:\/\/eldiariodesanpedro.com.ar\/sitio\/?p=10536"},"modified":"2016-11-22T18:50:53","modified_gmt":"2016-11-22T21:50:53","slug":"presentaron-la-creacion-de-diferentes-fondos-afectados-para-tierras-viviendas-educacion-deportes-y-cultura","status":"publish","type":"post","link":"https:\/\/eldiariodesanpedro.com.ar\/sitio\/presentaron-la-creacion-de-diferentes-fondos-afectados-para-tierras-viviendas-educacion-deportes-y-cultura\/","title":{"rendered":"Presentaron la creaci\u00f3n de diferentes fondos afectados para tierras, viviendas, educaci\u00f3n, deportes y cultura"},"content":{"rendered":"<p><!-- VideographyWP Plugin Message: Automatic video embedding prevented by plugin options. --><br \/>\nLos trabajo realizados por la Comisi\u00f3n de Presupuesto llevaron m\u00e1s de 6 meses para conformar el Proyecto de Ordenanza por los cuales se crean fondos afectados destinados al Banco de Tierras Municipal, Fondo Especial para la Educaci\u00f3n, Fondo Municipal de Promoci\u00f3n del Deporte, Fondo Municipal de Mantenimiento del Estadio Municipal y Fondo Municipal de Promoci\u00f3n Cultural.<\/p>\n<p>El evento se desarroll\u00f3 en el Sal\u00f3n Dorado municipal y cont\u00f3 con la participaci\u00f3n de integrantes de distintas instituciones y de vecinos interesados en la tem\u00e1tica. <\/p>\n<p>\u201cVa a ser una herramienta que le vamos a entregar al Ejecutivo municipal para que pueda llevar a cabo pol\u00edticas que le sirvan a toda la comunidad\u201d, dijo M\u00f3nica Otero. Y agreg\u00f3: \u201cLos fondos afectados son los ingresos que percibe la Municipalidad por el pago de todas las tasas que los contribuyentes abonan y tienen un destino espec\u00edfico, que es lo que le va a imponer esta ordenanza\u201d. En tanto que aclar\u00f3: \u201cLa creaci\u00f3n de los fondos no implica al contribuyente carga tributaria\u201d.<\/p>\n<p>Luego tom\u00f3 la palabra el concejal Am\u00e9rico Quintana, quien se refiri\u00f3 a la compra de terrenos para planes de viviendas. \u201cEl fondo se conforma con los ingresos que tiene el municipio a partir de c\u00e1non del servicio de televisi\u00f3n por cable, concretamente Cablevisi\u00f3n ser\u00eda hoy en d\u00eda el aportante del Fondo del Banco de Tierras\u201d. <\/p>\n<p>\u201cVa a ser destinado para la adquisici\u00f3n de tierras y la construcci\u00f3n de obras de infraestructura como son los servicios de agua, gas y energ\u00eda\u201d, sostuvo. \u201cAdem\u00e1s se va a conformar una comisi\u00f3n del Banco de Tierras donde va haber 4 representantes del Departamento Ejecutivo y 4 del Concejo Deliberante\u201d, explic\u00f3.<\/p>\n<p>Seguidamente Mat\u00edas Franco se explay\u00f3 en cuanto al trabajo en la implementaci\u00f3n del Fondo Especial de Vivienda, \u201cque se constituir\u00e1 el 3% de la recaudaci\u00f3n percibida de todos los ingresos ordinarios percibidos de la recaudaci\u00f3n municipal\u201d, sostuvo. Y despu\u00e9s asever\u00f3: \u201cSe estima que para el 2017 habr\u00e1 una recaudaci\u00f3n promedio de 120 millones de pesos, lo que equivale para este fondo especial $3.600.000, esto se destinar\u00e1 exclusivamente para la implementaci\u00f3n de programas de vivienda\u201d. <\/p>\n<p>Sobre ello, Otero complet\u00f3: \u201cHoy la Municipalidad no cuenta con terrenos propios para implementar planes de vivienda. Hoy le estamos dando la herramienta para que pueda comprar esas tierras, implementar los planes\u201d.<\/p>\n<p>A su t\u00e9rmino, Iv\u00e1n Paz habl\u00f3 de educaci\u00f3n, \u201cque tiene como principal objetivo la inclusi\u00f3n de los ni\u00f1os y ni\u00f1as en esta ciudad\u201d, asegur\u00f3. \u201cEste fondo se va a constituir de todos los tributos municipales el 1% lo que va a dar, calculamos para el a\u00f1o 2017, una suma superior al mill\u00f3n de pesos\u201d. \u201cSe va a distribuir en dos partes, 60 y 40. El 60% va a estar destinado al Consejo Escolar, que va a ser para gastos de fines educativos que no est\u00e9n contemplados en el fondo provincial compensador de mantenimiento de los establecimientos educativos y el otro 40% va a estar destinado a todos los jardines municipales y a los comedores comunitarios\u201d, dijo el edil.<\/p>\n<p>A continuaci\u00f3n, Dami\u00e1n Mosquera (PJ- FPV) habl\u00f3 de cultura y deporte. \u201cCultura va a contar con recursos propios que son tan importantes para la sociedad y que apuntan a la inclusi\u00f3n a la prevenci\u00f3n\u201d, enunci\u00f3. Y agreg\u00f3: \u201cCreo que la cultura y el deporte son las bases fundamentales, junto con la educaci\u00f3n, de crecimiento de una sociedad sana\u201d.<\/p>\n<p>\u201cQue se cree un fondo de deportes es fundamental para todo el partido de San Pedro\u201d, consider\u00f3 y sostuvo: \u201cEl 40 % se va a destinar a la promoci\u00f3n de las pr\u00e1cticas deportivas en todos los sectores barriales apuntando a la inclusi\u00f3n social y a la contenci\u00f3n\u201d. \u201cOtro 40% va a ser destinado a fortalecer las instituciones deportivas\u201d y \u201cpor \u00faltimo el 20% restante va a ser destinado a becas Santo para deporte, individual o grupal\u201d. \u201cContar\u00e1 con $2.400.000 al a\u00f1o y $1.200.000 para el cultura\u201d, finaliz\u00f3.<\/p>\n<p>Por su parte, Ariel Ramanzini (Frente Renovador) asegur\u00f3 que \u201cda gusto cuando se puede trabajar en pol\u00edticas p\u00fablicas que le cambian la vida a los vecinos. Nosotros estamos para eso como legisladores, para trabajar en reglas, que los lleven a una mejor calidad de vida\u201d. \u201cNosotros consideramos esto como algo que va a trascender a la gesti\u00f3n, va a ir m\u00e1s all\u00e1 de la gesti\u00f3n\u201d, acot\u00f3.<\/p>\n<p>Para finalizar, tom\u00f3 la palabra el intendente Salazar, quien expres\u00f3: \u201cFelicitar a todos los que han trabajado y agradecerles porque estas cosas son las que van a beneficiar a los que trabajamos para la comunidad\u201d.<\/p>\n<p>\u201cQuiero destacar el tema de la vivienda, es algo que tuve siempre en la cabeza desde que iniciamos la gesti\u00f3n, pero chocamos con que no tenemos tierras suficientes. Una informaci\u00f3n que manejamos nosotros y que coincide con la de la Provincia es que hay un d\u00e9ficit en San Pedro de 2400 viviendas\u201d.<\/p>\n<p>Asimismo, habl\u00f3 de grandes avances en salud y en educaci\u00f3n. \u201cEstamos trabajando mucho con el Consejo Escolar y todo lo que sea para educaci\u00f3n es bienvenido\u201d.<\/p>\n<p>Tambi\u00e9n, destac\u00f3 el trabajo de cultura y del deporte. Sobre ello opin\u00f3: \u201cMe duele un poco a veces en esta funci\u00f3n no poder ayudarlos en la medida en que se merecen\u201d.<\/p>\n","protected":false},"excerpt":{"rendered":"<p>Los trabajo realizados por la Comisi\u00f3n de Presupuesto llevaron m\u00e1s de 6 meses para conformar el Proyecto de Ordenanza por los cuales se crean fondos afectados destinados al Banco de Tierras Municipal, Fondo Especial para la Educaci\u00f3n, Fondo Municipal de Promoci\u00f3n del Deporte, Fondo Municipal de Mantenimiento del Estadio Municipal y Fondo Municipal de Promoci\u00f3n [&hellip;]<\/p>\n","protected":false},"author":4,"featured_media":10537,"comment_status":"open","ping_status":"closed","sticky":false,"template":"","format":"standard","meta":{"om_disable_all_campaigns":false,"_jetpack_memberships_contains_paid_content":false,"footnotes":""},"categories":[50,2,102],"tags":[],"class_list":["post-10536","post","type-post","status-publish","format-standard","has-post-thumbnail","hentry","category-destacadas","category-locales","category-politica-locales"],"aioseo_notices":[],"gutentor_comment":0,"jetpack_featured_media_url":"https:\/\/eldiariodesanpedro.com.ar\/sitio\/wp-content\/uploads\/2016\/11\/PAGINA-5-5.jpg","jetpack_shortlink":"https:\/\/wp.me\/p6RhLt-2JW","jetpack_sharing_enabled":true,"_links":{"self":[{"href":"https:\/\/eldiariodesanpedro.com.ar\/sitio\/wp-json\/wp\/v2\/posts\/10536","targetHints":{"allow":["GET"]}}],"collection":[{"href":"https:\/\/eldiariodesanpedro.com.ar\/sitio\/wp-json\/wp\/v2\/posts"}],"about":[{"href":"https:\/\/eldiariodesanpedro.com.ar\/sitio\/wp-json\/wp\/v2\/types\/post"}],"author":[{"embeddable":true,"href":"https:\/\/eldiariodesanpedro.com.ar\/sitio\/wp-json\/wp\/v2\/users\/4"}],"replies":[{"embeddable":true,"href":"https:\/\/eldiariodesanpedro.com.ar\/sitio\/wp-json\/wp\/v2\/comments?post=10536"}],"version-history":[{"count":1,"href":"https:\/\/eldiariodesanpedro.com.ar\/sitio\/wp-json\/wp\/v2\/posts\/10536\/revisions"}],"predecessor-version":[{"id":10538,"href":"https:\/\/eldiariodesanpedro.com.ar\/sitio\/wp-json\/wp\/v2\/posts\/10536\/revisions\/10538"}],"wp:featuredmedia":[{"embeddable":true,"href":"https:\/\/eldiariodesanpedro.com.ar\/sitio\/wp-json\/wp\/v2\/media\/10537"}],"wp:attachment":[{"href":"https:\/\/eldiariodesanpedro.com.ar\/sitio\/wp-json\/wp\/v2\/media?parent=10536"}],"wp:term":[{"taxonomy":"category","embeddable":true,"href":"https:\/\/eldiariodesanpedro.com.ar\/sitio\/wp-json\/wp\/v2\/categories?post=10536"},{"taxonomy":"post_tag","embeddable":true,"href":"https:\/\/eldiariodesanpedro.com.ar\/sitio\/wp-json\/wp\/v2\/tags?post=10536"}],"curies":[{"name":"wp","href":"https:\/\/api.w.org\/{rel}","templated":true}]}}