{"id":10532,"date":"2016-11-22T18:49:05","date_gmt":"2016-11-22T21:49:05","guid":{"rendered":"https:\/\/eldiariodesanpedro.com.ar\/sitio\/?p=10532"},"modified":"2016-11-22T18:49:05","modified_gmt":"2016-11-22T21:49:05","slug":"conclusiones-y-propuestas-de-la-6a-jornada-de-producciones-intensivas","status":"publish","type":"post","link":"https:\/\/eldiariodesanpedro.com.ar\/sitio\/conclusiones-y-propuestas-de-la-6a-jornada-de-producciones-intensivas\/","title":{"rendered":"Conclusiones y propuestas de la 6\u00aa Jornada de Producciones Intensivas"},"content":{"rendered":"<p><!-- VideographyWP Plugin Message: Automatic video embedding prevented by plugin options. --><br \/>\nLa Federaci\u00f3n de Productores de la provincia de Buenos Aires (FEBAPRI) organiz\u00f3 en el Complejo MANSA LYFE de San Pedro la 6\u00aa Jornada de Producciones Intensivas. Luego del acto de apertura y de las charlas de informaci\u00f3n a cargo de representantes del Ministerio y de CAME, comenzaron los talleres en los que dispuso a los productores en diferentes mesas seg\u00fan los temas que se ven\u00edan trabajando en la agenda de FEBAPRI. <\/p>\n<p>Para cada una de ellas se design\u00f3 un coordinador que inform\u00f3 sobre los \u00faltimos temas instalados para que luego los productores modificar\u00e1n su contenido e incorporaran demandas de cada sector.  <\/p>\n<p>Las conclusiones de cada una de las mesas tuvieron algunas caracter\u00edsticas importantes para destacar. <\/p>\n<p><strong>Fruticultura:<\/strong> Los temas pendientes y en agenda incluyeron la iniciativa de los productores de Mercedes para la creaci\u00f3n de un Mercado Regional para que se  pueda comercializar de forma directa. Se habl\u00f3 sobre la Emergencia y\/o Desastre Agropecuario, la importancia de fomentar un fondo para paliar la situaci\u00f3n de quienes atraviesan situaciones cr\u00edticas y cambios en el funcionamiento del Fondo de Lucha contra Plagas, que ya que no siempre se puede acceder a los mismos gestionando desde los municipios. En otro orden de cosas se inform\u00f3 sobre las gestiones de FEBAPRI para el Proyecto de Ley de Agroqu\u00edmicos junto a la presidenta de la Comisi\u00f3n de Asuntos Agrarios de la C\u00e1mara de Diputados de la provincia de Buenos Aires, diputada Mar\u00eda del Huerto Ratto, que particip\u00f3 de la jornada.<\/p>\n<p>Desde CAPROEM se comparti\u00f3 la idea de proyectar la producci\u00f3n intensiva con una legislaci\u00f3n basada t\u00e9cnicamente en los datos de suelo y clima que el INTA posee con archivos desde hace m\u00e1s de 50 a\u00f1os. De esta manera se podr\u00eda ordenar la producci\u00f3n frutihort\u00edcola y de viveros en la Provincia especialmente con el fortalecimiento de cuencas frutihort\u00edcolas. Aqu\u00ed se insiste en que deber\u00eda existir como en otras provincias un programa provincial que disponga de fondos  para poder afrontar da\u00f1os por contingencias clim\u00e1ticas, control de plagas, mejoramiento gen\u00e9tico de las variedades de inter\u00e9s comercial, fondos para la mejora continua de la calidad basados en buenas pr\u00e1cticas agr\u00edcolas (BPA) y de manufacturas (BPM). El prop\u00f3sito es instalar estos aspectos como pilares de la producci\u00f3n a nivel nacional sin que ello implique un incremento imposible de absorber en los costos. <\/p>\n<p>Hasta el momento, lograr estos est\u00e1ndares es parte de lo que el productor debe efectuar para cumplir con las exigencias asumiendo un costo adicional que deber\u00eda ser facilitado por el Estado. Por \u00faltimo, los productores destacaron que es necesario contar con una presencia m\u00e1s notable del Estado que permita o facilite en momentos de sobreoferta de productos, acceder a otros pa\u00edses y tener medidas que permitan evitar que los precios se derrumben por debajo de los costos de producci\u00f3n en el mercado interno.<\/p>\n<p>Viveros de plantas ornamentales y floricultores: Se plante\u00f3 como preocupaci\u00f3n la inseguridad en los campos, la presentaci\u00f3n del proyecto para la Ley de Agroqu\u00edmicos, la mejora en los tiempos y costos para los tr\u00e1mites ante entidades de control pretendiendo que adem\u00e1s los mismos lleguen a todos los productores para evitar situaciones injustas.<\/p>\n<p><strong>Horticultura:<\/strong> Los participantes plantearon la importancia de la registraci\u00f3n de los productores en el RENSPA o en el RENAF para contar con el respaldo adecuado para reclamar ante el Estado, herramientas de mejora para la producci\u00f3n. Tambi\u00e9n se debati\u00f3 sobre la necesidad de mejorar las relaciones contractuales y los contratos de medier\u00eda.<\/p>\n<p><strong>Porcinos:<\/strong> Se plante\u00f3 la necesidad de apuntalar un proyecto de ley creando el Instituto de Carnes Alternativas, con el objetivo de promocionar el consumo, producci\u00f3n y comercializaci\u00f3n de productos c\u00e1rnicos de porcinos, caprinos, av\u00edcolas, etc.<\/p>\n<p><strong>Apicultura:<\/strong> El grupo propuso la creaci\u00f3n del Instituto de la Miel con el objetivo de promocionar el consumo e informar m\u00e1s y mejor sobre los productores de la colmena, la miel y sus derivados.<\/p>\n<p><strong>Pesca Artesanal:<\/strong> La mesa que cont\u00f3 con la participaci\u00f3n de pescadores zonales analiz\u00f3 la utilidad de fomentar un proyecto para una Ley de Pesca Artesanal para Pescados de R\u00edo.<\/p>\n","protected":false},"excerpt":{"rendered":"<p>La Federaci\u00f3n de Productores de la provincia de Buenos Aires (FEBAPRI) organiz\u00f3 en el Complejo MANSA LYFE de San Pedro la 6\u00aa Jornada de Producciones Intensivas. Luego del acto de apertura y de las charlas de informaci\u00f3n a cargo de representantes del Ministerio y de CAME, comenzaron los talleres en los que dispuso a los [&hellip;]<\/p>\n","protected":false},"author":4,"featured_media":10533,"comment_status":"open","ping_status":"closed","sticky":false,"template":"","format":"standard","meta":{"om_disable_all_campaigns":false,"_jetpack_memberships_contains_paid_content":false,"footnotes":""},"categories":[101,2],"tags":[],"class_list":["post-10532","post","type-post","status-publish","format-standard","has-post-thumbnail","hentry","category-interes-general-locales","category-locales"],"aioseo_notices":[],"gutentor_comment":0,"jetpack_featured_media_url":"https:\/\/eldiariodesanpedro.com.ar\/sitio\/wp-content\/uploads\/2016\/11\/PAGINA4.jpg","jetpack_shortlink":"https:\/\/wp.me\/p6RhLt-2JS","jetpack_sharing_enabled":true,"_links":{"self":[{"href":"https:\/\/eldiariodesanpedro.com.ar\/sitio\/wp-json\/wp\/v2\/posts\/10532","targetHints":{"allow":["GET"]}}],"collection":[{"href":"https:\/\/eldiariodesanpedro.com.ar\/sitio\/wp-json\/wp\/v2\/posts"}],"about":[{"href":"https:\/\/eldiariodesanpedro.com.ar\/sitio\/wp-json\/wp\/v2\/types\/post"}],"author":[{"embeddable":true,"href":"https:\/\/eldiariodesanpedro.com.ar\/sitio\/wp-json\/wp\/v2\/users\/4"}],"replies":[{"embeddable":true,"href":"https:\/\/eldiariodesanpedro.com.ar\/sitio\/wp-json\/wp\/v2\/comments?post=10532"}],"version-history":[{"count":2,"href":"https:\/\/eldiariodesanpedro.com.ar\/sitio\/wp-json\/wp\/v2\/posts\/10532\/revisions"}],"predecessor-version":[{"id":10535,"href":"https:\/\/eldiariodesanpedro.com.ar\/sitio\/wp-json\/wp\/v2\/posts\/10532\/revisions\/10535"}],"wp:featuredmedia":[{"embeddable":true,"href":"https:\/\/eldiariodesanpedro.com.ar\/sitio\/wp-json\/wp\/v2\/media\/10533"}],"wp:attachment":[{"href":"https:\/\/eldiariodesanpedro.com.ar\/sitio\/wp-json\/wp\/v2\/media?parent=10532"}],"wp:term":[{"taxonomy":"category","embeddable":true,"href":"https:\/\/eldiariodesanpedro.com.ar\/sitio\/wp-json\/wp\/v2\/categories?post=10532"},{"taxonomy":"post_tag","embeddable":true,"href":"https:\/\/eldiariodesanpedro.com.ar\/sitio\/wp-json\/wp\/v2\/tags?post=10532"}],"curies":[{"name":"wp","href":"https:\/\/api.w.org\/{rel}","templated":true}]}}