{"id":105282,"date":"2022-03-24T19:18:43","date_gmt":"2022-03-24T22:18:43","guid":{"rendered":"https:\/\/eldiariodesanpedro.com.ar\/sitio\/?p=105282"},"modified":"2022-03-24T19:18:44","modified_gmt":"2022-03-24T22:18:44","slug":"detienen-a-un-delincuente-por-una-grave-causa-de-2016","status":"publish","type":"post","link":"https:\/\/eldiariodesanpedro.com.ar\/sitio\/detienen-a-un-delincuente-por-una-grave-causa-de-2016\/","title":{"rendered":"Detienen a un delincuente por una grave causa de 2016"},"content":{"rendered":"<!-- VideographyWP Plugin Message: Automatic video embedding prevented by plugin options. -->\n\n<p>En la tarde de ayer, el personal del gabinete criminol\u00f3gico de la comisar\u00eda, efectiviz\u00f3 orden de detenci\u00f3n expedida ayer mismo por el juzgado de ejecuci\u00f3n de pena de San Nicol\u00e1s. La diligencia se dio en un domicilio de calle Belgrano al 2300, donde se detuvo a un masculino de 33 a\u00f1os de edad, sobre quien registraba pedido de captura y detenci\u00f3n por orden en el marco de una causa judicial por robo calificado en poblado y en banda del a\u00f1o 2016 en San Pedro.\u00a0<\/p>\n\n\n\n<p>El detenido permanece alojado a disposici\u00f3n de ese juzgado aludido espera de su traslado a una Unidad Carcelaria donde deber\u00e1 purgar condena oportuna impuesta de 1 a\u00f1o y seis meses de prisi\u00f3n efectiva.-<\/p>\n","protected":false},"excerpt":{"rendered":"<p>En la tarde de ayer, el personal del gabinete criminol\u00f3gico de la comisar\u00eda, efectiviz\u00f3 orden de detenci\u00f3n expedida ayer mismo por el juzgado de ejecuci\u00f3n de pena de San Nicol\u00e1s. La diligencia se dio en un domicilio de calle Belgrano al 2300, donde se detuvo a un masculino de 33 a\u00f1os de edad, sobre quien [&hellip;]<\/p>\n","protected":false},"author":4,"featured_media":70421,"comment_status":"closed","ping_status":"closed","sticky":false,"template":"","format":"standard","meta":{"om_disable_all_campaigns":false,"_jetpack_memberships_contains_paid_content":false,"footnotes":""},"categories":[50,2,103],"tags":[],"class_list":["post-105282","post","type-post","status-publish","format-standard","has-post-thumbnail","hentry","category-destacadas","category-locales","category-policiales-locales"],"aioseo_notices":[],"gutentor_comment":0,"jetpack_featured_media_url":"https:\/\/eldiariodesanpedro.com.ar\/sitio\/wp-content\/uploads\/2020\/03\/esposas-detenido-1.jpg","jetpack_shortlink":"https:\/\/wp.me\/p6RhLt-ro6","jetpack_sharing_enabled":true,"_links":{"self":[{"href":"https:\/\/eldiariodesanpedro.com.ar\/sitio\/wp-json\/wp\/v2\/posts\/105282","targetHints":{"allow":["GET"]}}],"collection":[{"href":"https:\/\/eldiariodesanpedro.com.ar\/sitio\/wp-json\/wp\/v2\/posts"}],"about":[{"href":"https:\/\/eldiariodesanpedro.com.ar\/sitio\/wp-json\/wp\/v2\/types\/post"}],"author":[{"embeddable":true,"href":"https:\/\/eldiariodesanpedro.com.ar\/sitio\/wp-json\/wp\/v2\/users\/4"}],"replies":[{"embeddable":true,"href":"https:\/\/eldiariodesanpedro.com.ar\/sitio\/wp-json\/wp\/v2\/comments?post=105282"}],"version-history":[{"count":1,"href":"https:\/\/eldiariodesanpedro.com.ar\/sitio\/wp-json\/wp\/v2\/posts\/105282\/revisions"}],"predecessor-version":[{"id":105283,"href":"https:\/\/eldiariodesanpedro.com.ar\/sitio\/wp-json\/wp\/v2\/posts\/105282\/revisions\/105283"}],"wp:featuredmedia":[{"embeddable":true,"href":"https:\/\/eldiariodesanpedro.com.ar\/sitio\/wp-json\/wp\/v2\/media\/70421"}],"wp:attachment":[{"href":"https:\/\/eldiariodesanpedro.com.ar\/sitio\/wp-json\/wp\/v2\/media?parent=105282"}],"wp:term":[{"taxonomy":"category","embeddable":true,"href":"https:\/\/eldiariodesanpedro.com.ar\/sitio\/wp-json\/wp\/v2\/categories?post=105282"},{"taxonomy":"post_tag","embeddable":true,"href":"https:\/\/eldiariodesanpedro.com.ar\/sitio\/wp-json\/wp\/v2\/tags?post=105282"}],"curies":[{"name":"wp","href":"https:\/\/api.w.org\/{rel}","templated":true}]}}