{"id":105276,"date":"2022-03-23T19:53:14","date_gmt":"2022-03-23T22:53:14","guid":{"rendered":"https:\/\/eldiariodesanpedro.com.ar\/sitio\/?p=105276"},"modified":"2022-03-23T19:53:14","modified_gmt":"2022-03-23T22:53:14","slug":"alerta-naranja-para-las-localidades-cercanas-a-san-pedro","status":"publish","type":"post","link":"https:\/\/eldiariodesanpedro.com.ar\/sitio\/alerta-naranja-para-las-localidades-cercanas-a-san-pedro\/","title":{"rendered":"Alerta Naranja para las localidades cercanas a San Pedro"},"content":{"rendered":"<!-- VideographyWP Plugin Message: Automatic video embedding prevented by plugin options. -->\n\n<p>El Sistema Meteorol\u00f3gico Nacional informo el d\u00eda de hoy que esta noche podr\u00eda ocurrir una importante tormenta con mucho viento y una gran cantidad de agua.<\/p>\n\n\n\n<p>Seg\u00fan se informo el d\u00eda de hoy en el centro de la provincia pasara un cicl\u00f3n que provocara que ciudades como las nuestras sufran las consecuencia del viento y de mucha agua.<\/p>\n\n\n\n<p>Las Tormentas se espera que sean pasadas las 22 hs y puede llegar a durar toda la madrugada.<\/p>\n\n\n\n<p><\/p>\n","protected":false},"excerpt":{"rendered":"<p>El Sistema Meteorol\u00f3gico Nacional informo el d\u00eda de hoy que esta noche podr\u00eda ocurrir una importante tormenta con mucho viento y una gran cantidad de agua. Seg\u00fan se informo el d\u00eda de hoy en el centro de la provincia pasara un cicl\u00f3n que provocara que ciudades como las nuestras sufran las consecuencia del viento y [&hellip;]<\/p>\n","protected":false},"author":4,"featured_media":105280,"comment_status":"closed","ping_status":"closed","sticky":false,"template":"","format":"standard","meta":{"om_disable_all_campaigns":false,"_jetpack_memberships_contains_paid_content":false,"footnotes":""},"categories":[50,101,2],"tags":[],"class_list":["post-105276","post","type-post","status-publish","format-standard","has-post-thumbnail","hentry","category-destacadas","category-interes-general-locales","category-locales"],"aioseo_notices":[],"gutentor_comment":0,"jetpack_featured_media_url":"https:\/\/eldiariodesanpedro.com.ar\/sitio\/wp-content\/uploads\/2022\/03\/medida-8.jpg","jetpack_shortlink":"https:\/\/wp.me\/p6RhLt-ro0","jetpack_sharing_enabled":true,"_links":{"self":[{"href":"https:\/\/eldiariodesanpedro.com.ar\/sitio\/wp-json\/wp\/v2\/posts\/105276","targetHints":{"allow":["GET"]}}],"collection":[{"href":"https:\/\/eldiariodesanpedro.com.ar\/sitio\/wp-json\/wp\/v2\/posts"}],"about":[{"href":"https:\/\/eldiariodesanpedro.com.ar\/sitio\/wp-json\/wp\/v2\/types\/post"}],"author":[{"embeddable":true,"href":"https:\/\/eldiariodesanpedro.com.ar\/sitio\/wp-json\/wp\/v2\/users\/4"}],"replies":[{"embeddable":true,"href":"https:\/\/eldiariodesanpedro.com.ar\/sitio\/wp-json\/wp\/v2\/comments?post=105276"}],"version-history":[{"count":1,"href":"https:\/\/eldiariodesanpedro.com.ar\/sitio\/wp-json\/wp\/v2\/posts\/105276\/revisions"}],"predecessor-version":[{"id":105281,"href":"https:\/\/eldiariodesanpedro.com.ar\/sitio\/wp-json\/wp\/v2\/posts\/105276\/revisions\/105281"}],"wp:featuredmedia":[{"embeddable":true,"href":"https:\/\/eldiariodesanpedro.com.ar\/sitio\/wp-json\/wp\/v2\/media\/105280"}],"wp:attachment":[{"href":"https:\/\/eldiariodesanpedro.com.ar\/sitio\/wp-json\/wp\/v2\/media?parent=105276"}],"wp:term":[{"taxonomy":"category","embeddable":true,"href":"https:\/\/eldiariodesanpedro.com.ar\/sitio\/wp-json\/wp\/v2\/categories?post=105276"},{"taxonomy":"post_tag","embeddable":true,"href":"https:\/\/eldiariodesanpedro.com.ar\/sitio\/wp-json\/wp\/v2\/tags?post=105276"}],"curies":[{"name":"wp","href":"https:\/\/api.w.org\/{rel}","templated":true}]}}