{"id":105273,"date":"2022-03-23T15:47:29","date_gmt":"2022-03-23T18:47:29","guid":{"rendered":"https:\/\/eldiariodesanpedro.com.ar\/sitio\/?p=105273"},"modified":"2022-03-23T15:47:29","modified_gmt":"2022-03-23T18:47:29","slug":"rodrigo-tapari-este-domingo-para-completar-la-22o-fiesta-del-durazno-en-castro","status":"publish","type":"post","link":"https:\/\/eldiariodesanpedro.com.ar\/sitio\/rodrigo-tapari-este-domingo-para-completar-la-22o-fiesta-del-durazno-en-castro\/","title":{"rendered":"Rodrigo Tapari este domingo para completar la 22\u00ba Fiesta del Durazno en Castro"},"content":{"rendered":"<!-- VideographyWP Plugin Message: Automatic video embedding prevented by plugin options. -->\n\n<p>Este mi\u00e9rcoles, por medio de una conferencia de prensa en la que participaron la secretaria de Turismo y Cultura Marcela Cu\u00f1er, el secretario de Servicios P\u00fablicos Ariel \u00c1lvarez y el coordinador de la Secretar\u00eda de Desarrollo Econ\u00f3mico Hugo Ram\u00edrez se dieron los detalles de la segunda jornada de la fiesta que debi\u00f3 ser reprogramada a causa de las condiciones climatol\u00f3gicas.<\/p>\n\n\n\n<p>La apertura estar\u00e1 a cargo del Ballet Municipal a partir de las 17 hs, habr\u00e1 shows en vivos con las presentaciones de Oscar D\u00edaz, Joel Egel, Sherman Rivas, Roberto Taddei, Claudio Mart\u00edn, Keko Gonz\u00e1lez y el cierre a cargo de Rodrigo Tapari, habr\u00e1 feria de artesan\u00edas, se definir\u00e1 la elecci\u00f3n de la representante de la fiesta y se entregar\u00e1n los premios a los productores que resultaron ganadores en la primera jornada.<\/p>\n\n\n\n<p>Las entradas se podr\u00e1n adquirir anticipadamente en Autoservicios don Agust\u00edn (San Mart\u00edn y Aroni Raffo, Gobernador Castro); Despensa Mitre (Mitre 520, Gobernador Castro) y en el Centro Cultural Abelardo Castillo (25 de mayo 848, San Pedro). Adem\u00e1s, a partir de las 16 hs del domingo, en el predio de Agricultores de Gobernador Castro podr\u00e1n adquirir las entradas para el festival. Quienes no tengan la posibilidad de contar con movilidad propia podr\u00e1n concurrir en un micro dispuesto por la Municipalidad de San Pedro que saldr\u00e1 desde la Secretar\u00eda de Turismo y Cultura el domingo 27 de marzo a las 16.00 en Liniers 15.<\/p>\n","protected":false},"excerpt":{"rendered":"<p>Este mi\u00e9rcoles, por medio de una conferencia de prensa en la que participaron la secretaria de Turismo y Cultura Marcela Cu\u00f1er, el secretario de Servicios P\u00fablicos Ariel \u00c1lvarez y el coordinador de la Secretar\u00eda de Desarrollo Econ\u00f3mico Hugo Ram\u00edrez se dieron los detalles de la segunda jornada de la fiesta que debi\u00f3 ser reprogramada a [&hellip;]<\/p>\n","protected":false},"author":4,"featured_media":105274,"comment_status":"closed","ping_status":"closed","sticky":false,"template":"","format":"standard","meta":{"om_disable_all_campaigns":false,"_jetpack_memberships_contains_paid_content":false,"footnotes":""},"categories":[50,101,2],"tags":[],"class_list":["post-105273","post","type-post","status-publish","format-standard","has-post-thumbnail","hentry","category-destacadas","category-interes-general-locales","category-locales"],"aioseo_notices":[],"gutentor_comment":0,"jetpack_featured_media_url":"https:\/\/eldiariodesanpedro.com.ar\/sitio\/wp-content\/uploads\/2022\/03\/RodrigoTapari.jpg","jetpack_shortlink":"https:\/\/wp.me\/p6RhLt-rnX","jetpack_sharing_enabled":true,"_links":{"self":[{"href":"https:\/\/eldiariodesanpedro.com.ar\/sitio\/wp-json\/wp\/v2\/posts\/105273","targetHints":{"allow":["GET"]}}],"collection":[{"href":"https:\/\/eldiariodesanpedro.com.ar\/sitio\/wp-json\/wp\/v2\/posts"}],"about":[{"href":"https:\/\/eldiariodesanpedro.com.ar\/sitio\/wp-json\/wp\/v2\/types\/post"}],"author":[{"embeddable":true,"href":"https:\/\/eldiariodesanpedro.com.ar\/sitio\/wp-json\/wp\/v2\/users\/4"}],"replies":[{"embeddable":true,"href":"https:\/\/eldiariodesanpedro.com.ar\/sitio\/wp-json\/wp\/v2\/comments?post=105273"}],"version-history":[{"count":1,"href":"https:\/\/eldiariodesanpedro.com.ar\/sitio\/wp-json\/wp\/v2\/posts\/105273\/revisions"}],"predecessor-version":[{"id":105275,"href":"https:\/\/eldiariodesanpedro.com.ar\/sitio\/wp-json\/wp\/v2\/posts\/105273\/revisions\/105275"}],"wp:featuredmedia":[{"embeddable":true,"href":"https:\/\/eldiariodesanpedro.com.ar\/sitio\/wp-json\/wp\/v2\/media\/105274"}],"wp:attachment":[{"href":"https:\/\/eldiariodesanpedro.com.ar\/sitio\/wp-json\/wp\/v2\/media?parent=105273"}],"wp:term":[{"taxonomy":"category","embeddable":true,"href":"https:\/\/eldiariodesanpedro.com.ar\/sitio\/wp-json\/wp\/v2\/categories?post=105273"},{"taxonomy":"post_tag","embeddable":true,"href":"https:\/\/eldiariodesanpedro.com.ar\/sitio\/wp-json\/wp\/v2\/tags?post=105273"}],"curies":[{"name":"wp","href":"https:\/\/api.w.org\/{rel}","templated":true}]}}