{"id":105270,"date":"2022-03-23T15:43:25","date_gmt":"2022-03-23T18:43:25","guid":{"rendered":"https:\/\/eldiariodesanpedro.com.ar\/sitio\/?p=105270"},"modified":"2022-03-23T15:44:07","modified_gmt":"2022-03-23T18:44:07","slug":"campana-de-vacunacion-antigripal-a-partir-del-prximo-viernes","status":"publish","type":"post","link":"https:\/\/eldiariodesanpedro.com.ar\/sitio\/campana-de-vacunacion-antigripal-a-partir-del-prximo-viernes\/","title":{"rendered":"Campa\u00f1a de vacunaci\u00f3n antigripal a partir del pr\u00f3ximo viernes"},"content":{"rendered":"<!-- VideographyWP Plugin Message: Automatic video embedding prevented by plugin options. -->\n\n<p>Comienza la campa\u00f1a de vacunaci\u00f3n antigripal en la provincia de Buenos Aires con el objetivo de reducir las complicaciones y hospitalizaciones ocasionadas por la infecci\u00f3n por el virus influenza en la poblaci\u00f3n de riesgo.<\/p>\n\n\n\n<p>En nuestra ciudad la vacunaci\u00f3n estar\u00e1 a cargo del equipo de vacunaci\u00f3n de la Secretar\u00eda de Salud de la Municipalidad de San Pedro y se realizar\u00e1 de forma segmentada, comenzando por el personal de salud, continuando progresivamente con ni\u00f1as y ni\u00f1os entre los 6 y 24 meses, personas gestantes en cualquier trimestre de gestaci\u00f3n, pu\u00e9rperas (preferentemente antes del egreso de la maternidad), personas de 2 a 64 a\u00f1os con factores de riesgo y personas de 65 a\u00f1os y m\u00e1s.<\/p>\n\n\n\n<p>Las vacunas antigripales pueden aplicarse junto con otras vacunas en diferentes sitios anat\u00f3micos, incluyendo las vacunas contra la COVID-19, si bien no existen contraindicaciones m\u00e9dicas para administrar vacunas en pacientes con diagn\u00f3stico de COVID-19, se recomienda posponer la vacunaci\u00f3n con el objetivo de evitar la trasmisi\u00f3n viral y propagaci\u00f3n de la enfermedad, pudiendo recibir las vacunas al alta cl\u00ednica y epidemiol\u00f3gica.<\/p>\n\n\n\n<p>El registro de las dosis aplicadas ser\u00e1 a trav\u00e9s del sistema CIPRES, en la plataforma de Intranet del ministerio de salud de la Provincia de Buenos Aires, de forma nominal registrando los datos de la persona vacunada y luego de la vacuna y dosis aplicada, al igual que el registro nominal de todas las dem\u00e1s vacunas.<\/p>\n","protected":false},"excerpt":{"rendered":"<p>Comienza la campa\u00f1a de vacunaci\u00f3n antigripal en la provincia de Buenos Aires con el objetivo de reducir las complicaciones y hospitalizaciones ocasionadas por la infecci\u00f3n por el virus influenza en la poblaci\u00f3n de riesgo. En nuestra ciudad la vacunaci\u00f3n estar\u00e1 a cargo del equipo de vacunaci\u00f3n de la Secretar\u00eda de Salud de la Municipalidad de [&hellip;]<\/p>\n","protected":false},"author":4,"featured_media":38952,"comment_status":"closed","ping_status":"closed","sticky":false,"template":"","format":"standard","meta":{"om_disable_all_campaigns":false,"_jetpack_memberships_contains_paid_content":false,"footnotes":""},"categories":[101,2],"tags":[],"class_list":["post-105270","post","type-post","status-publish","format-standard","has-post-thumbnail","hentry","category-interes-general-locales","category-locales"],"aioseo_notices":[],"gutentor_comment":0,"jetpack_featured_media_url":"https:\/\/eldiariodesanpedro.com.ar\/sitio\/wp-content\/uploads\/2018\/08\/Aconsejan-vacunarse-contra-la-fiebre-amarilla_658x400.jpg","jetpack_shortlink":"https:\/\/wp.me\/p6RhLt-rnU","jetpack_sharing_enabled":true,"_links":{"self":[{"href":"https:\/\/eldiariodesanpedro.com.ar\/sitio\/wp-json\/wp\/v2\/posts\/105270","targetHints":{"allow":["GET"]}}],"collection":[{"href":"https:\/\/eldiariodesanpedro.com.ar\/sitio\/wp-json\/wp\/v2\/posts"}],"about":[{"href":"https:\/\/eldiariodesanpedro.com.ar\/sitio\/wp-json\/wp\/v2\/types\/post"}],"author":[{"embeddable":true,"href":"https:\/\/eldiariodesanpedro.com.ar\/sitio\/wp-json\/wp\/v2\/users\/4"}],"replies":[{"embeddable":true,"href":"https:\/\/eldiariodesanpedro.com.ar\/sitio\/wp-json\/wp\/v2\/comments?post=105270"}],"version-history":[{"count":2,"href":"https:\/\/eldiariodesanpedro.com.ar\/sitio\/wp-json\/wp\/v2\/posts\/105270\/revisions"}],"predecessor-version":[{"id":105272,"href":"https:\/\/eldiariodesanpedro.com.ar\/sitio\/wp-json\/wp\/v2\/posts\/105270\/revisions\/105272"}],"wp:featuredmedia":[{"embeddable":true,"href":"https:\/\/eldiariodesanpedro.com.ar\/sitio\/wp-json\/wp\/v2\/media\/38952"}],"wp:attachment":[{"href":"https:\/\/eldiariodesanpedro.com.ar\/sitio\/wp-json\/wp\/v2\/media?parent=105270"}],"wp:term":[{"taxonomy":"category","embeddable":true,"href":"https:\/\/eldiariodesanpedro.com.ar\/sitio\/wp-json\/wp\/v2\/categories?post=105270"},{"taxonomy":"post_tag","embeddable":true,"href":"https:\/\/eldiariodesanpedro.com.ar\/sitio\/wp-json\/wp\/v2\/tags?post=105270"}],"curies":[{"name":"wp","href":"https:\/\/api.w.org\/{rel}","templated":true}]}}