{"id":105267,"date":"2022-03-23T15:31:13","date_gmt":"2022-03-23T18:31:13","guid":{"rendered":"https:\/\/eldiariodesanpedro.com.ar\/sitio\/?p=105267"},"modified":"2022-03-23T15:31:14","modified_gmt":"2022-03-23T18:31:14","slug":"un-hombre-fue-aprehendido-por-pegarle-a-su-hija","status":"publish","type":"post","link":"https:\/\/eldiariodesanpedro.com.ar\/sitio\/un-hombre-fue-aprehendido-por-pegarle-a-su-hija\/","title":{"rendered":"Un hombre fue aprehendido por pegarle a su hija"},"content":{"rendered":"<!-- VideographyWP Plugin Message: Automatic video embedding prevented by plugin options. -->\n\n<p>En la jornada de ayer se realiz\u00f3 la aprehensi\u00f3n de un ciudadano que agredi\u00f3 f\u00edsicamente a su hija.<\/p>\n\n\n\n<p>Este martes un m\u00f3vil policial se hizo presente en calle Manuel Iglesias al 1900 alrededor de las 18 hs donde se logra la aprehensi\u00f3n de un ciudadano de 58 a\u00f1os de edad quien momentos antes en un conflicto familiar agrede f\u00edsicamente a su hija de 29 a\u00f1os provocando lesiones leves.<\/p>\n","protected":false},"excerpt":{"rendered":"<p>En la jornada de ayer se realiz\u00f3 la aprehensi\u00f3n de un ciudadano que agredi\u00f3 f\u00edsicamente a su hija. Este martes un m\u00f3vil policial se hizo presente en calle Manuel Iglesias al 1900 alrededor de las 18 hs donde se logra la aprehensi\u00f3n de un ciudadano de 58 a\u00f1os de edad quien momentos antes en un [&hellip;]<\/p>\n","protected":false},"author":4,"featured_media":105268,"comment_status":"closed","ping_status":"closed","sticky":false,"template":"","format":"standard","meta":{"om_disable_all_campaigns":false,"_jetpack_memberships_contains_paid_content":false,"footnotes":""},"categories":[50,2,103],"tags":[],"class_list":["post-105267","post","type-post","status-publish","format-standard","has-post-thumbnail","hentry","category-destacadas","category-locales","category-policiales-locales"],"aioseo_notices":[],"gutentor_comment":0,"jetpack_featured_media_url":"https:\/\/eldiariodesanpedro.com.ar\/sitio\/wp-content\/uploads\/2022\/03\/WhatsApp-Image-2022-03-23-at-12.07.18-PM.jpeg","jetpack_shortlink":"https:\/\/wp.me\/p6RhLt-rnR","jetpack_sharing_enabled":true,"_links":{"self":[{"href":"https:\/\/eldiariodesanpedro.com.ar\/sitio\/wp-json\/wp\/v2\/posts\/105267","targetHints":{"allow":["GET"]}}],"collection":[{"href":"https:\/\/eldiariodesanpedro.com.ar\/sitio\/wp-json\/wp\/v2\/posts"}],"about":[{"href":"https:\/\/eldiariodesanpedro.com.ar\/sitio\/wp-json\/wp\/v2\/types\/post"}],"author":[{"embeddable":true,"href":"https:\/\/eldiariodesanpedro.com.ar\/sitio\/wp-json\/wp\/v2\/users\/4"}],"replies":[{"embeddable":true,"href":"https:\/\/eldiariodesanpedro.com.ar\/sitio\/wp-json\/wp\/v2\/comments?post=105267"}],"version-history":[{"count":1,"href":"https:\/\/eldiariodesanpedro.com.ar\/sitio\/wp-json\/wp\/v2\/posts\/105267\/revisions"}],"predecessor-version":[{"id":105269,"href":"https:\/\/eldiariodesanpedro.com.ar\/sitio\/wp-json\/wp\/v2\/posts\/105267\/revisions\/105269"}],"wp:featuredmedia":[{"embeddable":true,"href":"https:\/\/eldiariodesanpedro.com.ar\/sitio\/wp-json\/wp\/v2\/media\/105268"}],"wp:attachment":[{"href":"https:\/\/eldiariodesanpedro.com.ar\/sitio\/wp-json\/wp\/v2\/media?parent=105267"}],"wp:term":[{"taxonomy":"category","embeddable":true,"href":"https:\/\/eldiariodesanpedro.com.ar\/sitio\/wp-json\/wp\/v2\/categories?post=105267"},{"taxonomy":"post_tag","embeddable":true,"href":"https:\/\/eldiariodesanpedro.com.ar\/sitio\/wp-json\/wp\/v2\/tags?post=105267"}],"curies":[{"name":"wp","href":"https:\/\/api.w.org\/{rel}","templated":true}]}}