{"id":105264,"date":"2022-03-23T15:26:07","date_gmt":"2022-03-23T18:26:07","guid":{"rendered":"https:\/\/eldiariodesanpedro.com.ar\/sitio\/?p=105264"},"modified":"2022-03-23T15:26:07","modified_gmt":"2022-03-23T18:26:07","slug":"detienen-a-delincuente-acusado-de-ser-autor-del-robo-a-corti-en-el-barrio-villa-jardin","status":"publish","type":"post","link":"https:\/\/eldiariodesanpedro.com.ar\/sitio\/detienen-a-delincuente-acusado-de-ser-autor-del-robo-a-corti-en-el-barrio-villa-jardin\/","title":{"rendered":"Detienen a delincuente acusado de ser autor del robo a Corti en el barrio Villa Jard\u00edn"},"content":{"rendered":"<!-- VideographyWP Plugin Message: Automatic video embedding prevented by plugin options. -->\n\n<p>La polic\u00eda de nuestra ciudad logro llevar a cabo la detenci\u00f3n de un delincuente quien se lo acusa de ser autor material del robo a Adri\u00e1n Dar\u00edo Corti, Director de Seguridad del Ministerio de Justicia de la Naci\u00f3n, robo ocurrido en enero de este a\u00f1o en la zona de Villa Jard\u00edn.<\/p>\n\n\n\n<p>El personal del Gabinete Criminol\u00f3gico de la Comisar\u00eda local, tras unas amplias tareas investigativas junto DDI local, estableciendo autor material delincuente masculino de 37 a\u00f1os, numerosos antecedentes por delito contra la propiedad y las personas.&nbsp;<\/p>\n\n\n\n<p>Justicia ordinaria extendi\u00f3 \u00f3rden de allanamiento para lograr detenci\u00f3n, diligenciada en la tarde de ayer por el mismo personal policial en domicilio de Cruz Roja 2800, efectivizando detenci\u00f3n imputado.&nbsp;<\/p>\n\n\n\n<p>El hecho inicial ocurri\u00f3 en la madrugada del d\u00eda 6 de enero pasado en el Barrio Villa Jard\u00edn donde result\u00f3 v\u00edctima un alto funcionario del ministerio de justicia nacional, donde delincuentes armados lo despojaron de efectos de valor y pertenencias personales, como as\u00ed autom\u00f3vil que fue encontrado momentos despu\u00e9s del hecho .&nbsp;<\/p>\n\n\n\n<p>Ya se hab\u00edan realizado distintos allanamientos en el marco de la causa en el mes de febrero, uno de ellos en el domicilio del ahora detenido donde se secuestraron elementos sustra\u00eddos oportunamente, y donde viv\u00eda anteriormente Almafuerte al 2400, de donde fue desalojado por orden judicial el pasado viernes.&nbsp;<\/p>\n\n\n\n<p>El detenido permanece en los calabozos de la comisar\u00eda a disposici\u00f3n de la UFI N\u00b011.-<\/p>\n","protected":false},"excerpt":{"rendered":"<p>La polic\u00eda de nuestra ciudad logro llevar a cabo la detenci\u00f3n de un delincuente quien se lo acusa de ser autor material del robo a Adri\u00e1n Dar\u00edo Corti, Director de Seguridad del Ministerio de Justicia de la Naci\u00f3n, robo ocurrido en enero de este a\u00f1o en la zona de Villa Jard\u00edn. El personal del Gabinete [&hellip;]<\/p>\n","protected":false},"author":4,"featured_media":105265,"comment_status":"closed","ping_status":"closed","sticky":false,"template":"","format":"standard","meta":{"om_disable_all_campaigns":false,"_jetpack_memberships_contains_paid_content":false,"footnotes":""},"categories":[2,103],"tags":[],"class_list":["post-105264","post","type-post","status-publish","format-standard","has-post-thumbnail","hentry","category-locales","category-policiales-locales"],"aioseo_notices":[],"gutentor_comment":0,"jetpack_featured_media_url":"https:\/\/eldiariodesanpedro.com.ar\/sitio\/wp-content\/uploads\/2022\/03\/medida-7.jpg","jetpack_shortlink":"https:\/\/wp.me\/p6RhLt-rnO","jetpack_sharing_enabled":true,"_links":{"self":[{"href":"https:\/\/eldiariodesanpedro.com.ar\/sitio\/wp-json\/wp\/v2\/posts\/105264","targetHints":{"allow":["GET"]}}],"collection":[{"href":"https:\/\/eldiariodesanpedro.com.ar\/sitio\/wp-json\/wp\/v2\/posts"}],"about":[{"href":"https:\/\/eldiariodesanpedro.com.ar\/sitio\/wp-json\/wp\/v2\/types\/post"}],"author":[{"embeddable":true,"href":"https:\/\/eldiariodesanpedro.com.ar\/sitio\/wp-json\/wp\/v2\/users\/4"}],"replies":[{"embeddable":true,"href":"https:\/\/eldiariodesanpedro.com.ar\/sitio\/wp-json\/wp\/v2\/comments?post=105264"}],"version-history":[{"count":1,"href":"https:\/\/eldiariodesanpedro.com.ar\/sitio\/wp-json\/wp\/v2\/posts\/105264\/revisions"}],"predecessor-version":[{"id":105266,"href":"https:\/\/eldiariodesanpedro.com.ar\/sitio\/wp-json\/wp\/v2\/posts\/105264\/revisions\/105266"}],"wp:featuredmedia":[{"embeddable":true,"href":"https:\/\/eldiariodesanpedro.com.ar\/sitio\/wp-json\/wp\/v2\/media\/105265"}],"wp:attachment":[{"href":"https:\/\/eldiariodesanpedro.com.ar\/sitio\/wp-json\/wp\/v2\/media?parent=105264"}],"wp:term":[{"taxonomy":"category","embeddable":true,"href":"https:\/\/eldiariodesanpedro.com.ar\/sitio\/wp-json\/wp\/v2\/categories?post=105264"},{"taxonomy":"post_tag","embeddable":true,"href":"https:\/\/eldiariodesanpedro.com.ar\/sitio\/wp-json\/wp\/v2\/tags?post=105264"}],"curies":[{"name":"wp","href":"https:\/\/api.w.org\/{rel}","templated":true}]}}