{"id":105261,"date":"2022-03-23T14:42:46","date_gmt":"2022-03-23T17:42:46","guid":{"rendered":"https:\/\/eldiariodesanpedro.com.ar\/sitio\/?p=105261"},"modified":"2022-03-23T14:42:46","modified_gmt":"2022-03-23T17:42:46","slug":"rifa-solidaria-juntan-dinero-para-el-tratamiento-de-un-nino-con-leucemia","status":"publish","type":"post","link":"https:\/\/eldiariodesanpedro.com.ar\/sitio\/rifa-solidaria-juntan-dinero-para-el-tratamiento-de-un-nino-con-leucemia\/","title":{"rendered":"Rifa Solidaria: juntan dinero para el tratamiento de un ni\u00f1o con leucemia"},"content":{"rendered":"<!-- VideographyWP Plugin Message: Automatic video embedding prevented by plugin options. -->\n\n<p>La campa\u00f1a se hizo viral en redes sociales en las \u00faltimas horas luego que los padres del ni\u00f1o dieran a conocer la situaci\u00f3n.\u00a0<strong>Mat\u00edas Delgado fue diagnosticado con leucemia<\/strong>, se encuentra internado en el hospital de ni\u00f1os Ricardo Guti\u00e9rrez, y tiene que afrontar un<strong>\u00a0costoso tratamiento<\/strong>\u00a0es por eso que para colaborar con la familia se ha iniciado una<strong>\u00a0campa\u00f1a solidaria.<\/strong><\/p>\n\n\n\n<p>En principio se est\u00e1n vendiendo n\u00fameros para un<strong>a rifa que tiene un costo de 200 pesos<\/strong>&nbsp;y puede ser adquirida comunic\u00e1ndose al 3329387756. Tiene los siguientes premios1\u00b0premio: lech\u00f3n + gaseosa + pan +ensalada2\u00b0premio: pollo + vino + gaseosa3\u00b0premio: juego de toallones4\u00b0 premio: mochila de mujer5\u00b0premio: bijouterieSe sortea el 9\/04 por LOTERIA NACIONAL NOCTURNA<\/p>\n\n\n\n<p>En tanto que tambi\u00e9n, quienes quieran ayudar en forma directa, lo pueden hacer a trav\u00e9s de&nbsp;<strong>transferencia<\/strong>&nbsp;y para ello dan a conocer el siguiente CBU:Sanchez, Veronica Luj\u00e1nCBU: 0110483130048313404129<\/p>\n","protected":false},"excerpt":{"rendered":"<p>La campa\u00f1a se hizo viral en redes sociales en las \u00faltimas horas luego que los padres del ni\u00f1o dieran a conocer la situaci\u00f3n.\u00a0Mat\u00edas Delgado fue diagnosticado con leucemia, se encuentra internado en el hospital de ni\u00f1os Ricardo Guti\u00e9rrez, y tiene que afrontar un\u00a0costoso tratamiento\u00a0es por eso que para colaborar con la familia se ha iniciado [&hellip;]<\/p>\n","protected":false},"author":4,"featured_media":105262,"comment_status":"closed","ping_status":"closed","sticky":false,"template":"","format":"standard","meta":{"om_disable_all_campaigns":false,"_jetpack_memberships_contains_paid_content":false,"footnotes":""},"categories":[50,101,2],"tags":[],"class_list":["post-105261","post","type-post","status-publish","format-standard","has-post-thumbnail","hentry","category-destacadas","category-interes-general-locales","category-locales"],"aioseo_notices":[],"gutentor_comment":0,"jetpack_featured_media_url":"https:\/\/eldiariodesanpedro.com.ar\/sitio\/wp-content\/uploads\/2022\/03\/IMG_20220323_075809-800x445-1.jpg","jetpack_shortlink":"https:\/\/wp.me\/p6RhLt-rnL","jetpack_sharing_enabled":true,"_links":{"self":[{"href":"https:\/\/eldiariodesanpedro.com.ar\/sitio\/wp-json\/wp\/v2\/posts\/105261","targetHints":{"allow":["GET"]}}],"collection":[{"href":"https:\/\/eldiariodesanpedro.com.ar\/sitio\/wp-json\/wp\/v2\/posts"}],"about":[{"href":"https:\/\/eldiariodesanpedro.com.ar\/sitio\/wp-json\/wp\/v2\/types\/post"}],"author":[{"embeddable":true,"href":"https:\/\/eldiariodesanpedro.com.ar\/sitio\/wp-json\/wp\/v2\/users\/4"}],"replies":[{"embeddable":true,"href":"https:\/\/eldiariodesanpedro.com.ar\/sitio\/wp-json\/wp\/v2\/comments?post=105261"}],"version-history":[{"count":1,"href":"https:\/\/eldiariodesanpedro.com.ar\/sitio\/wp-json\/wp\/v2\/posts\/105261\/revisions"}],"predecessor-version":[{"id":105263,"href":"https:\/\/eldiariodesanpedro.com.ar\/sitio\/wp-json\/wp\/v2\/posts\/105261\/revisions\/105263"}],"wp:featuredmedia":[{"embeddable":true,"href":"https:\/\/eldiariodesanpedro.com.ar\/sitio\/wp-json\/wp\/v2\/media\/105262"}],"wp:attachment":[{"href":"https:\/\/eldiariodesanpedro.com.ar\/sitio\/wp-json\/wp\/v2\/media?parent=105261"}],"wp:term":[{"taxonomy":"category","embeddable":true,"href":"https:\/\/eldiariodesanpedro.com.ar\/sitio\/wp-json\/wp\/v2\/categories?post=105261"},{"taxonomy":"post_tag","embeddable":true,"href":"https:\/\/eldiariodesanpedro.com.ar\/sitio\/wp-json\/wp\/v2\/tags?post=105261"}],"curies":[{"name":"wp","href":"https:\/\/api.w.org\/{rel}","templated":true}]}}