{"id":10526,"date":"2016-11-21T21:24:47","date_gmt":"2016-11-22T00:24:47","guid":{"rendered":"https:\/\/eldiariodesanpedro.com.ar\/sitio\/?p=10526"},"modified":"2016-11-21T21:24:47","modified_gmt":"2016-11-22T00:24:47","slug":"choque-en-cadena-en-calle-25-de-mayo","status":"publish","type":"post","link":"https:\/\/eldiariodesanpedro.com.ar\/sitio\/choque-en-cadena-en-calle-25-de-mayo\/","title":{"rendered":"Choque en cadena en calle 25 de Mayo"},"content":{"rendered":"<p><!-- VideographyWP Plugin Message: Automatic video embedding prevented by plugin options. --><br \/>\nEste mediod\u00eda se produjo un accidente en la esquina de 25 de Mayo y Alvear. El siniestro involucr\u00f3 dos autom\u00f3viles y un utilitario: un Gol Country color rojo, un camioneta Renault Traffic blanca y un Ford Escort gris. <\/p>\n<p>Por motivos que se tratan de establecer, los dos veh\u00edculos que se desplazaban delante frenaron progresivamente porque delante de ellos ven\u00edan otros autos disminuyendo la marcha. El Ford Escort, que ven\u00eda detr\u00e1s de ellos, no pudo detenerse a tiempo y embisti\u00f3 al utilitario, y este a su vez al otro autom\u00f3vil. No se produjeron heridos, ya que conduc\u00edan a una velocidad muy baja.<\/p>\n","protected":false},"excerpt":{"rendered":"<p>Este mediod\u00eda se produjo un accidente en la esquina de 25 de Mayo y Alvear. El siniestro involucr\u00f3 dos autom\u00f3viles y un utilitario: un Gol Country color rojo, un camioneta Renault Traffic blanca y un Ford Escort gris. Por motivos que se tratan de establecer, los dos veh\u00edculos que se desplazaban delante frenaron progresivamente porque [&hellip;]<\/p>\n","protected":false},"author":4,"featured_media":10529,"comment_status":"open","ping_status":"closed","sticky":false,"template":"","format":"standard","meta":{"om_disable_all_campaigns":false,"_jetpack_memberships_contains_paid_content":false,"footnotes":""},"categories":[2,103],"tags":[],"class_list":["post-10526","post","type-post","status-publish","format-standard","has-post-thumbnail","hentry","category-locales","category-policiales-locales"],"aioseo_notices":[],"gutentor_comment":0,"jetpack_featured_media_url":"https:\/\/eldiariodesanpedro.com.ar\/sitio\/wp-content\/uploads\/2016\/11\/PAGINA-3-UNO-1-1.jpg","jetpack_shortlink":"https:\/\/wp.me\/p6RhLt-2JM","jetpack_sharing_enabled":true,"_links":{"self":[{"href":"https:\/\/eldiariodesanpedro.com.ar\/sitio\/wp-json\/wp\/v2\/posts\/10526","targetHints":{"allow":["GET"]}}],"collection":[{"href":"https:\/\/eldiariodesanpedro.com.ar\/sitio\/wp-json\/wp\/v2\/posts"}],"about":[{"href":"https:\/\/eldiariodesanpedro.com.ar\/sitio\/wp-json\/wp\/v2\/types\/post"}],"author":[{"embeddable":true,"href":"https:\/\/eldiariodesanpedro.com.ar\/sitio\/wp-json\/wp\/v2\/users\/4"}],"replies":[{"embeddable":true,"href":"https:\/\/eldiariodesanpedro.com.ar\/sitio\/wp-json\/wp\/v2\/comments?post=10526"}],"version-history":[{"count":1,"href":"https:\/\/eldiariodesanpedro.com.ar\/sitio\/wp-json\/wp\/v2\/posts\/10526\/revisions"}],"predecessor-version":[{"id":10528,"href":"https:\/\/eldiariodesanpedro.com.ar\/sitio\/wp-json\/wp\/v2\/posts\/10526\/revisions\/10528"}],"wp:featuredmedia":[{"embeddable":true,"href":"https:\/\/eldiariodesanpedro.com.ar\/sitio\/wp-json\/wp\/v2\/media\/10529"}],"wp:attachment":[{"href":"https:\/\/eldiariodesanpedro.com.ar\/sitio\/wp-json\/wp\/v2\/media?parent=10526"}],"wp:term":[{"taxonomy":"category","embeddable":true,"href":"https:\/\/eldiariodesanpedro.com.ar\/sitio\/wp-json\/wp\/v2\/categories?post=10526"},{"taxonomy":"post_tag","embeddable":true,"href":"https:\/\/eldiariodesanpedro.com.ar\/sitio\/wp-json\/wp\/v2\/tags?post=10526"}],"curies":[{"name":"wp","href":"https:\/\/api.w.org\/{rel}","templated":true}]}}