{"id":105258,"date":"2022-03-23T14:38:23","date_gmt":"2022-03-23T17:38:23","guid":{"rendered":"https:\/\/eldiariodesanpedro.com.ar\/sitio\/?p=105258"},"modified":"2022-03-23T14:38:23","modified_gmt":"2022-03-23T17:38:23","slug":"catalano-sera-relevado-de-su-cargo-como-jefe-distrital","status":"publish","type":"post","link":"https:\/\/eldiariodesanpedro.com.ar\/sitio\/catalano-sera-relevado-de-su-cargo-como-jefe-distrital\/","title":{"rendered":"Catalano ser\u00e1 relevado de su cargo como Jefe Distrital"},"content":{"rendered":"<!-- VideographyWP Plugin Message: Automatic video embedding prevented by plugin options. -->\n\n<p>Si bien se espera que entre hoy y ma\u00f1ana el comisario inspector Juan Ram\u00f3n Catalano sea notificado oficialmente por el Ministerio de Seguridad, ya le ha sido comunicada la decisi\u00f3n de las autoridades que no contin\u00fae al frente de la Polic\u00eda Comunal de nuestra ciudad.<\/p>\n\n\n\n<p>En principio se tratar\u00eda de una decisi\u00f3n pol\u00edtica de darle nuevos aires a la fuerza en San Pedro, que podr\u00eda traer otros cambios tambi\u00e9n.<\/p>\n\n\n\n<p>Una vez que se haga efectiva la decisi\u00f3n se deber\u00e1 designar a otro integrantes de la fuerza en su reemplazo.<\/p>\n","protected":false},"excerpt":{"rendered":"<p>Si bien se espera que entre hoy y ma\u00f1ana el comisario inspector Juan Ram\u00f3n Catalano sea notificado oficialmente por el Ministerio de Seguridad, ya le ha sido comunicada la decisi\u00f3n de las autoridades que no contin\u00fae al frente de la Polic\u00eda Comunal de nuestra ciudad. En principio se tratar\u00eda de una decisi\u00f3n pol\u00edtica de darle [&hellip;]<\/p>\n","protected":false},"author":4,"featured_media":105259,"comment_status":"closed","ping_status":"closed","sticky":false,"template":"","format":"standard","meta":{"om_disable_all_campaigns":false,"_jetpack_memberships_contains_paid_content":false,"footnotes":""},"categories":[50,101,2],"tags":[],"class_list":["post-105258","post","type-post","status-publish","format-standard","has-post-thumbnail","hentry","category-destacadas","category-interes-general-locales","category-locales"],"aioseo_notices":[],"gutentor_comment":0,"jetpack_featured_media_url":"https:\/\/eldiariodesanpedro.com.ar\/sitio\/wp-content\/uploads\/2022\/03\/IMG_20190402_105229-1.jpg","jetpack_shortlink":"https:\/\/wp.me\/p6RhLt-rnI","jetpack_sharing_enabled":true,"_links":{"self":[{"href":"https:\/\/eldiariodesanpedro.com.ar\/sitio\/wp-json\/wp\/v2\/posts\/105258","targetHints":{"allow":["GET"]}}],"collection":[{"href":"https:\/\/eldiariodesanpedro.com.ar\/sitio\/wp-json\/wp\/v2\/posts"}],"about":[{"href":"https:\/\/eldiariodesanpedro.com.ar\/sitio\/wp-json\/wp\/v2\/types\/post"}],"author":[{"embeddable":true,"href":"https:\/\/eldiariodesanpedro.com.ar\/sitio\/wp-json\/wp\/v2\/users\/4"}],"replies":[{"embeddable":true,"href":"https:\/\/eldiariodesanpedro.com.ar\/sitio\/wp-json\/wp\/v2\/comments?post=105258"}],"version-history":[{"count":1,"href":"https:\/\/eldiariodesanpedro.com.ar\/sitio\/wp-json\/wp\/v2\/posts\/105258\/revisions"}],"predecessor-version":[{"id":105260,"href":"https:\/\/eldiariodesanpedro.com.ar\/sitio\/wp-json\/wp\/v2\/posts\/105258\/revisions\/105260"}],"wp:featuredmedia":[{"embeddable":true,"href":"https:\/\/eldiariodesanpedro.com.ar\/sitio\/wp-json\/wp\/v2\/media\/105259"}],"wp:attachment":[{"href":"https:\/\/eldiariodesanpedro.com.ar\/sitio\/wp-json\/wp\/v2\/media?parent=105258"}],"wp:term":[{"taxonomy":"category","embeddable":true,"href":"https:\/\/eldiariodesanpedro.com.ar\/sitio\/wp-json\/wp\/v2\/categories?post=105258"},{"taxonomy":"post_tag","embeddable":true,"href":"https:\/\/eldiariodesanpedro.com.ar\/sitio\/wp-json\/wp\/v2\/tags?post=105258"}],"curies":[{"name":"wp","href":"https:\/\/api.w.org\/{rel}","templated":true}]}}