{"id":105256,"date":"2022-03-23T09:22:06","date_gmt":"2022-03-23T12:22:06","guid":{"rendered":"https:\/\/eldiariodesanpedro.com.ar\/sitio\/?p=105256"},"modified":"2022-03-23T09:22:07","modified_gmt":"2022-03-23T12:22:07","slug":"jubilados-y-pensionados-anses-calendario-de-pagos-para-el-23-de-marzo","status":"publish","type":"post","link":"https:\/\/eldiariodesanpedro.com.ar\/sitio\/jubilados-y-pensionados-anses-calendario-de-pagos-para-el-23-de-marzo\/","title":{"rendered":"Jubilados y pensionados ANSES: calendario de pagos para el 23 de marzo"},"content":{"rendered":"<!-- VideographyWP Plugin Message: Automatic video embedding prevented by plugin options. -->\n\n<p><strong>ANSES informa que hoy se abonan jubilaciones, pensiones, Asignaci\u00f3n por Embarazo, Prestaci\u00f3n por Desempleo y el programa Alimentario PAMI.<\/strong><\/p>\n\n\n\n<p><strong>Jubilaciones&nbsp;y&nbsp;pensiones&nbsp;<\/strong><\/p>\n\n\n\n<p>Las sucursales bancarias habilitadas atender\u00e1n por ventanilla a jubilados, jubiladas, pensionados y pensionadas con documentos terminados en&nbsp;<strong>0&nbsp;<\/strong>y<strong>&nbsp;1&nbsp;<\/strong>cuyoshaberesSUPERENla suma de 36.676 pesos.<\/p>\n\n\n\n<p><strong>Asignaci\u00f3n por Embarazo<\/strong><\/p>\n\n\n\n<p>Con la utilizaci\u00f3n de la tarjeta de d\u00e9bito, hoy cobran la Asignaci\u00f3n por Embarazo las titulares con documentos finalizados en&nbsp;<strong>9<\/strong>.<\/p>\n\n\n\n<p><strong>Prestaci\u00f3n por&nbsp;Desempleo<\/strong><\/p>\n\n\n\n<p>Hoy perciben la Prestaci\u00f3n por Desempleo las personas con documentos concluidos en&nbsp;<strong>2<\/strong>&nbsp;y&nbsp;<strong>3<\/strong>.<\/p>\n\n\n\n<p><strong>Programa Alimentario PAMI<\/strong><\/p>\n\n\n\n<p>Este mes se lleva adelante el noveno pago extraordinario de hasta 3000 pesos para personas afiliadas a PAMI, quienes recib\u00edan el bols\u00f3n de alimentos que se entregaban en centros de jubilados antes del Covid-19, y para mayores de 85 a\u00f1os con jubilaci\u00f3n m\u00ednima. Reciben el pago en la misma fecha y cuenta que cobran su haber.<\/p>\n","protected":false},"excerpt":{"rendered":"<p>ANSES informa que hoy se abonan jubilaciones, pensiones, Asignaci\u00f3n por Embarazo, Prestaci\u00f3n por Desempleo y el programa Alimentario PAMI. Jubilaciones&nbsp;y&nbsp;pensiones&nbsp; Las sucursales bancarias habilitadas atender\u00e1n por ventanilla a jubilados, jubiladas, pensionados y pensionadas con documentos terminados en&nbsp;0&nbsp;y&nbsp;1&nbsp;cuyoshaberesSUPERENla suma de 36.676 pesos. Asignaci\u00f3n por Embarazo Con la utilizaci\u00f3n de la tarjeta de d\u00e9bito, hoy cobran la [&hellip;]<\/p>\n","protected":false},"author":4,"featured_media":87491,"comment_status":"closed","ping_status":"closed","sticky":false,"template":"","format":"standard","meta":{"om_disable_all_campaigns":false,"_jetpack_memberships_contains_paid_content":false,"footnotes":""},"categories":[101,2],"tags":[],"class_list":["post-105256","post","type-post","status-publish","format-standard","has-post-thumbnail","hentry","category-interes-general-locales","category-locales"],"aioseo_notices":[],"gutentor_comment":0,"jetpack_featured_media_url":"https:\/\/eldiariodesanpedro.com.ar\/sitio\/wp-content\/uploads\/2021\/02\/anses-4.jpg","jetpack_shortlink":"https:\/\/wp.me\/p6RhLt-rnG","jetpack_sharing_enabled":true,"_links":{"self":[{"href":"https:\/\/eldiariodesanpedro.com.ar\/sitio\/wp-json\/wp\/v2\/posts\/105256","targetHints":{"allow":["GET"]}}],"collection":[{"href":"https:\/\/eldiariodesanpedro.com.ar\/sitio\/wp-json\/wp\/v2\/posts"}],"about":[{"href":"https:\/\/eldiariodesanpedro.com.ar\/sitio\/wp-json\/wp\/v2\/types\/post"}],"author":[{"embeddable":true,"href":"https:\/\/eldiariodesanpedro.com.ar\/sitio\/wp-json\/wp\/v2\/users\/4"}],"replies":[{"embeddable":true,"href":"https:\/\/eldiariodesanpedro.com.ar\/sitio\/wp-json\/wp\/v2\/comments?post=105256"}],"version-history":[{"count":1,"href":"https:\/\/eldiariodesanpedro.com.ar\/sitio\/wp-json\/wp\/v2\/posts\/105256\/revisions"}],"predecessor-version":[{"id":105257,"href":"https:\/\/eldiariodesanpedro.com.ar\/sitio\/wp-json\/wp\/v2\/posts\/105256\/revisions\/105257"}],"wp:featuredmedia":[{"embeddable":true,"href":"https:\/\/eldiariodesanpedro.com.ar\/sitio\/wp-json\/wp\/v2\/media\/87491"}],"wp:attachment":[{"href":"https:\/\/eldiariodesanpedro.com.ar\/sitio\/wp-json\/wp\/v2\/media?parent=105256"}],"wp:term":[{"taxonomy":"category","embeddable":true,"href":"https:\/\/eldiariodesanpedro.com.ar\/sitio\/wp-json\/wp\/v2\/categories?post=105256"},{"taxonomy":"post_tag","embeddable":true,"href":"https:\/\/eldiariodesanpedro.com.ar\/sitio\/wp-json\/wp\/v2\/tags?post=105256"}],"curies":[{"name":"wp","href":"https:\/\/api.w.org\/{rel}","templated":true}]}}