{"id":105243,"date":"2022-03-22T12:14:24","date_gmt":"2022-03-22T15:14:24","guid":{"rendered":"https:\/\/eldiariodesanpedro.com.ar\/sitio\/?p=105243"},"modified":"2022-03-22T12:14:25","modified_gmt":"2022-03-22T15:14:25","slug":"se-puso-en-marcha-un-servicio-de-colectivos-de-zarate-con-destino-a-san-pedro-baradero-y-san-nicolas","status":"publish","type":"post","link":"https:\/\/eldiariodesanpedro.com.ar\/sitio\/se-puso-en-marcha-un-servicio-de-colectivos-de-zarate-con-destino-a-san-pedro-baradero-y-san-nicolas\/","title":{"rendered":"Se puso en marcha un servicio de colectivos de Z\u00e1rate con destino a San Pedro, Baradero y San Nicol\u00e1s"},"content":{"rendered":"<!-- VideographyWP Plugin Message: Automatic video embedding prevented by plugin options. -->\n\n<p><strong>La empresa Metropol puso en marcha un servicio de transporte de pasajeros desde Z\u00e1rate a las localidades de San Pedro, Baradero y San Nicol\u00e1s.<\/strong><\/p>\n\n\n\n<p>Seg\u00fan informaron a Impacto Local, el servicio no parte desde Once sino que desde Z\u00e1rate \u00fanicamente y no ingresa a Lima. Asimismo aclararon que por el momento no cuenta con tarjeta SUBE y que el boleto se abona en el Centro de Transferencia de Z\u00e1rate, ubicado en De la Torre y Anta, desde donde parten los micros.<\/p>\n\n\n\n<p>Desde Z\u00e1rate a Baradero el costo del boleto es de $190, mientras que a San Pedro $290 y a San Nicolas $570.<\/p>\n\n\n\n<p>Fuente: Impacto Local<\/p>\n\n\n\n<p><strong>HORARIOS DEL SERVICIO DESDE ZARATE Y DESDE SAN NICOLAS:<\/strong><\/p>\n\n\n\n<figure class=\"wp-block-image size-full\"><img decoding=\"async\" width=\"800\" height=\"485\" data-attachment-id=\"105244\" data-permalink=\"https:\/\/eldiariodesanpedro.com.ar\/sitio\/se-puso-en-marcha-un-servicio-de-colectivos-de-zarate-con-destino-a-san-pedro-baradero-y-san-nicolas\/horarios-metropol-zarate-san-nicolas\/\" data-orig-file=\"https:\/\/eldiariodesanpedro.com.ar\/sitio\/wp-content\/uploads\/2022\/03\/horarios-metropol-zarate-san-nicolas.jpg\" data-orig-size=\"800,485\" data-comments-opened=\"0\" data-image-meta=\"{&quot;aperture&quot;:&quot;0&quot;,&quot;credit&quot;:&quot;&quot;,&quot;camera&quot;:&quot;&quot;,&quot;caption&quot;:&quot;&quot;,&quot;created_timestamp&quot;:&quot;1647937378&quot;,&quot;copyright&quot;:&quot;&quot;,&quot;focal_length&quot;:&quot;0&quot;,&quot;iso&quot;:&quot;0&quot;,&quot;shutter_speed&quot;:&quot;0&quot;,&quot;title&quot;:&quot;&quot;,&quot;orientation&quot;:&quot;1&quot;}\" data-image-title=\"horarios-metropol-zarate-san-nicolas\" data-image-description=\"\" data-image-caption=\"\" data-large-file=\"https:\/\/eldiariodesanpedro.com.ar\/sitio\/wp-content\/uploads\/2022\/03\/horarios-metropol-zarate-san-nicolas.jpg\" data-src=\"https:\/\/eldiariodesanpedro.com.ar\/sitio\/wp-content\/uploads\/2022\/03\/horarios-metropol-zarate-san-nicolas.jpg\" alt=\"\" class=\"wp-image-105244 lazyload\" data-srcset=\"https:\/\/eldiariodesanpedro.com.ar\/sitio\/wp-content\/uploads\/2022\/03\/horarios-metropol-zarate-san-nicolas.jpg 800w, https:\/\/eldiariodesanpedro.com.ar\/sitio\/wp-content\/uploads\/2022\/03\/horarios-metropol-zarate-san-nicolas-300x182.jpg 300w, https:\/\/eldiariodesanpedro.com.ar\/sitio\/wp-content\/uploads\/2022\/03\/horarios-metropol-zarate-san-nicolas-768x466.jpg 768w\" data-sizes=\"(max-width: 800px) 100vw, 800px\" src=\"data:image\/svg+xml;base64,PHN2ZyB3aWR0aD0iMSIgaGVpZ2h0PSIxIiB4bWxucz0iaHR0cDovL3d3dy53My5vcmcvMjAwMC9zdmciPjwvc3ZnPg==\" style=\"--smush-placeholder-width: 800px; --smush-placeholder-aspect-ratio: 800\/485;\" \/><\/figure>\n","protected":false},"excerpt":{"rendered":"<p>La empresa Metropol puso en marcha un servicio de transporte de pasajeros desde Z\u00e1rate a las localidades de San Pedro, Baradero y San Nicol\u00e1s. Seg\u00fan informaron a Impacto Local, el servicio no parte desde Once sino que desde Z\u00e1rate \u00fanicamente y no ingresa a Lima. Asimismo aclararon que por el momento no cuenta con tarjeta [&hellip;]<\/p>\n","protected":false},"author":4,"featured_media":105245,"comment_status":"closed","ping_status":"closed","sticky":false,"template":"","format":"standard","meta":{"om_disable_all_campaigns":false,"_jetpack_memberships_contains_paid_content":false,"footnotes":""},"categories":[50,101,2],"tags":[],"class_list":["post-105243","post","type-post","status-publish","format-standard","has-post-thumbnail","hentry","category-destacadas","category-interes-general-locales","category-locales"],"aioseo_notices":[],"gutentor_comment":0,"jetpack_featured_media_url":"https:\/\/eldiariodesanpedro.com.ar\/sitio\/wp-content\/uploads\/2022\/03\/metropol-chevallier.jpg","jetpack_shortlink":"https:\/\/wp.me\/p6RhLt-rnt","jetpack_sharing_enabled":true,"_links":{"self":[{"href":"https:\/\/eldiariodesanpedro.com.ar\/sitio\/wp-json\/wp\/v2\/posts\/105243","targetHints":{"allow":["GET"]}}],"collection":[{"href":"https:\/\/eldiariodesanpedro.com.ar\/sitio\/wp-json\/wp\/v2\/posts"}],"about":[{"href":"https:\/\/eldiariodesanpedro.com.ar\/sitio\/wp-json\/wp\/v2\/types\/post"}],"author":[{"embeddable":true,"href":"https:\/\/eldiariodesanpedro.com.ar\/sitio\/wp-json\/wp\/v2\/users\/4"}],"replies":[{"embeddable":true,"href":"https:\/\/eldiariodesanpedro.com.ar\/sitio\/wp-json\/wp\/v2\/comments?post=105243"}],"version-history":[{"count":2,"href":"https:\/\/eldiariodesanpedro.com.ar\/sitio\/wp-json\/wp\/v2\/posts\/105243\/revisions"}],"predecessor-version":[{"id":105255,"href":"https:\/\/eldiariodesanpedro.com.ar\/sitio\/wp-json\/wp\/v2\/posts\/105243\/revisions\/105255"}],"wp:featuredmedia":[{"embeddable":true,"href":"https:\/\/eldiariodesanpedro.com.ar\/sitio\/wp-json\/wp\/v2\/media\/105245"}],"wp:attachment":[{"href":"https:\/\/eldiariodesanpedro.com.ar\/sitio\/wp-json\/wp\/v2\/media?parent=105243"}],"wp:term":[{"taxonomy":"category","embeddable":true,"href":"https:\/\/eldiariodesanpedro.com.ar\/sitio\/wp-json\/wp\/v2\/categories?post=105243"},{"taxonomy":"post_tag","embeddable":true,"href":"https:\/\/eldiariodesanpedro.com.ar\/sitio\/wp-json\/wp\/v2\/tags?post=105243"}],"curies":[{"name":"wp","href":"https:\/\/api.w.org\/{rel}","templated":true}]}}