{"id":10524,"date":"2016-11-21T21:16:21","date_gmt":"2016-11-22T00:16:21","guid":{"rendered":"https:\/\/eldiariodesanpedro.com.ar\/sitio\/?p=10524"},"modified":"2016-11-21T21:16:21","modified_gmt":"2016-11-22T00:16:21","slug":"se-detuvo-a-un-persona-que-era-buscada-por-ausentarse-de-su-domicilio","status":"publish","type":"post","link":"https:\/\/eldiariodesanpedro.com.ar\/sitio\/se-detuvo-a-un-persona-que-era-buscada-por-ausentarse-de-su-domicilio\/","title":{"rendered":"Se detuvo a un persona que era buscada por ausentarse de su domicilio"},"content":{"rendered":"<p><!-- VideographyWP Plugin Message: Automatic video embedding prevented by plugin options. --><br \/>\nEl d\u00eda domingo se procedi\u00f3 a la detenci\u00f3n de un joven de 26 a\u00f1os, quien es oriundo de la ciudad de Baradero y que se encontraba viviendo en nuestra ciudad. <\/p>\n<p>El joven fue detenido en calle Mitre, entre Rojas y Novillo. Al identificarlo en el sistema inform\u00e1tico, se detect\u00f3 que el sujeto presentaba un pedido de paradero realizado el d\u00eda 23 de noviembre de 2012. Fue trasladado a la sede policial local a fin de regularizar su situaci\u00f3n. Intervino en esta oportunidad el Juzgado Correccional N\u00ba 3 de San Nicol\u00e1s.<\/p>\n","protected":false},"excerpt":{"rendered":"<p>El d\u00eda domingo se procedi\u00f3 a la detenci\u00f3n de un joven de 26 a\u00f1os, quien es oriundo de la ciudad de Baradero y que se encontraba viviendo en nuestra ciudad. El joven fue detenido en calle Mitre, entre Rojas y Novillo. Al identificarlo en el sistema inform\u00e1tico, se detect\u00f3 que el sujeto presentaba un pedido [&hellip;]<\/p>\n","protected":false},"author":4,"featured_media":1892,"comment_status":"open","ping_status":"closed","sticky":false,"template":"","format":"standard","meta":{"om_disable_all_campaigns":false,"_jetpack_memberships_contains_paid_content":false,"footnotes":""},"categories":[2,103],"tags":[],"class_list":["post-10524","post","type-post","status-publish","format-standard","has-post-thumbnail","hentry","category-locales","category-policiales-locales"],"aioseo_notices":[],"gutentor_comment":0,"jetpack_featured_media_url":"https:\/\/eldiariodesanpedro.com.ar\/sitio\/wp-content\/uploads\/2016\/01\/Detenido.jpg","jetpack_shortlink":"https:\/\/wp.me\/p6RhLt-2JK","jetpack_sharing_enabled":true,"_links":{"self":[{"href":"https:\/\/eldiariodesanpedro.com.ar\/sitio\/wp-json\/wp\/v2\/posts\/10524","targetHints":{"allow":["GET"]}}],"collection":[{"href":"https:\/\/eldiariodesanpedro.com.ar\/sitio\/wp-json\/wp\/v2\/posts"}],"about":[{"href":"https:\/\/eldiariodesanpedro.com.ar\/sitio\/wp-json\/wp\/v2\/types\/post"}],"author":[{"embeddable":true,"href":"https:\/\/eldiariodesanpedro.com.ar\/sitio\/wp-json\/wp\/v2\/users\/4"}],"replies":[{"embeddable":true,"href":"https:\/\/eldiariodesanpedro.com.ar\/sitio\/wp-json\/wp\/v2\/comments?post=10524"}],"version-history":[{"count":1,"href":"https:\/\/eldiariodesanpedro.com.ar\/sitio\/wp-json\/wp\/v2\/posts\/10524\/revisions"}],"predecessor-version":[{"id":10525,"href":"https:\/\/eldiariodesanpedro.com.ar\/sitio\/wp-json\/wp\/v2\/posts\/10524\/revisions\/10525"}],"wp:featuredmedia":[{"embeddable":true,"href":"https:\/\/eldiariodesanpedro.com.ar\/sitio\/wp-json\/wp\/v2\/media\/1892"}],"wp:attachment":[{"href":"https:\/\/eldiariodesanpedro.com.ar\/sitio\/wp-json\/wp\/v2\/media?parent=10524"}],"wp:term":[{"taxonomy":"category","embeddable":true,"href":"https:\/\/eldiariodesanpedro.com.ar\/sitio\/wp-json\/wp\/v2\/categories?post=10524"},{"taxonomy":"post_tag","embeddable":true,"href":"https:\/\/eldiariodesanpedro.com.ar\/sitio\/wp-json\/wp\/v2\/tags?post=10524"}],"curies":[{"name":"wp","href":"https:\/\/api.w.org\/{rel}","templated":true}]}}