{"id":105239,"date":"2022-03-22T12:06:42","date_gmt":"2022-03-22T15:06:42","guid":{"rendered":"https:\/\/eldiariodesanpedro.com.ar\/sitio\/?p=105239"},"modified":"2022-03-22T12:06:42","modified_gmt":"2022-03-22T15:06:42","slug":"fernando-essers-es-el-nuevo-presidente-de-la-liga-deportiva-sampedrina","status":"publish","type":"post","link":"https:\/\/eldiariodesanpedro.com.ar\/sitio\/fernando-essers-es-el-nuevo-presidente-de-la-liga-deportiva-sampedrina\/","title":{"rendered":"Fernando Essers es el nuevo presidente de la Liga Deportiva Sampedrina"},"content":{"rendered":"<!-- VideographyWP Plugin Message: Automatic video embedding prevented by plugin options. -->\n\n<p>Qued\u00f3 consagrado el lunes al desarrollarse la asamblea anual. La lista ganadora obtuvo 8 votos contra 7 de la lista que encabezaba Celso Cejas. Essers presidir\u00e1 la entidad durante dos a\u00f1os.<\/p>\n\n\n\n<p>Como estaba previsto en la noche del lunes se llev\u00f3 a cabo la Asamblea General Ordinaria de la Liga Deportiva Sampedrina.<\/p>\n\n\n\n<p>All\u00ed fue elegido Fernando Essers como nuevo presidente de la entidad por 8 votos a 7 sobre la lista que encabez\u00f3 Celso Cejas.<\/p>\n\n\n\n<p>La asamblea se vivi\u00f3 dentro de un clima expectante y tenso debido al pedido efectuado por el club San Roque, representado por el ex concejal Horacio Neira, quien solicit\u00f3 aplicar el art\u00edculo 12 del estatuto el cual entre otras cosas que \u00abLas sesiones ser\u00e1n privadas y secretas&nbsp;cuando as\u00ed lo resuelva el Consejo Directivo. Al constituirse&nbsp;el Consejo en sesi\u00f3n secreta, prometer\u00e1n los Se\u00f1ores Consejeros, por su honor, no hacer p\u00fablico lo que en ella se trate\u00bb.<\/p>\n\n\n\n<p>Aprobado por la mayor\u00eda la sala debi\u00f3 ser desalojada, incluido los medios de comunicaci\u00f3n, aunque a la inversa s\u00ed se permiti\u00f3 que permanezcan los integrantes de cada una de las listas.<\/p>\n\n\n\n<p>Finalmente el voto fue secreto, mediante sobre cerrado y en cuarto oscuro, y all\u00ed se impuso la lista de Fernando Esser.<\/p>\n","protected":false},"excerpt":{"rendered":"<p>Qued\u00f3 consagrado el lunes al desarrollarse la asamblea anual. La lista ganadora obtuvo 8 votos contra 7 de la lista que encabezaba Celso Cejas. Essers presidir\u00e1 la entidad durante dos a\u00f1os. Como estaba previsto en la noche del lunes se llev\u00f3 a cabo la Asamblea General Ordinaria de la Liga Deportiva Sampedrina. All\u00ed fue elegido [&hellip;]<\/p>\n","protected":false},"author":4,"featured_media":105240,"comment_status":"closed","ping_status":"closed","sticky":false,"template":"","format":"standard","meta":{"om_disable_all_campaigns":false,"_jetpack_memberships_contains_paid_content":false,"footnotes":""},"categories":[50,101,2],"tags":[],"class_list":["post-105239","post","type-post","status-publish","format-standard","has-post-thumbnail","hentry","category-destacadas","category-interes-general-locales","category-locales"],"aioseo_notices":[],"gutentor_comment":0,"jetpack_featured_media_url":"https:\/\/eldiariodesanpedro.com.ar\/sitio\/wp-content\/uploads\/2022\/03\/0000020761-resized-1920x1080-1.jpg","jetpack_shortlink":"https:\/\/wp.me\/p6RhLt-rnp","jetpack_sharing_enabled":true,"_links":{"self":[{"href":"https:\/\/eldiariodesanpedro.com.ar\/sitio\/wp-json\/wp\/v2\/posts\/105239","targetHints":{"allow":["GET"]}}],"collection":[{"href":"https:\/\/eldiariodesanpedro.com.ar\/sitio\/wp-json\/wp\/v2\/posts"}],"about":[{"href":"https:\/\/eldiariodesanpedro.com.ar\/sitio\/wp-json\/wp\/v2\/types\/post"}],"author":[{"embeddable":true,"href":"https:\/\/eldiariodesanpedro.com.ar\/sitio\/wp-json\/wp\/v2\/users\/4"}],"replies":[{"embeddable":true,"href":"https:\/\/eldiariodesanpedro.com.ar\/sitio\/wp-json\/wp\/v2\/comments?post=105239"}],"version-history":[{"count":1,"href":"https:\/\/eldiariodesanpedro.com.ar\/sitio\/wp-json\/wp\/v2\/posts\/105239\/revisions"}],"predecessor-version":[{"id":105241,"href":"https:\/\/eldiariodesanpedro.com.ar\/sitio\/wp-json\/wp\/v2\/posts\/105239\/revisions\/105241"}],"wp:featuredmedia":[{"embeddable":true,"href":"https:\/\/eldiariodesanpedro.com.ar\/sitio\/wp-json\/wp\/v2\/media\/105240"}],"wp:attachment":[{"href":"https:\/\/eldiariodesanpedro.com.ar\/sitio\/wp-json\/wp\/v2\/media?parent=105239"}],"wp:term":[{"taxonomy":"category","embeddable":true,"href":"https:\/\/eldiariodesanpedro.com.ar\/sitio\/wp-json\/wp\/v2\/categories?post=105239"},{"taxonomy":"post_tag","embeddable":true,"href":"https:\/\/eldiariodesanpedro.com.ar\/sitio\/wp-json\/wp\/v2\/tags?post=105239"}],"curies":[{"name":"wp","href":"https:\/\/api.w.org\/{rel}","templated":true}]}}