{"id":105236,"date":"2022-03-22T12:03:44","date_gmt":"2022-03-22T15:03:44","guid":{"rendered":"https:\/\/eldiariodesanpedro.com.ar\/sitio\/?p=105236"},"modified":"2022-03-22T12:03:45","modified_gmt":"2022-03-22T15:03:45","slug":"la-comision-directiva-del-ccit-recibio-al-secretario-de-desarrollo-economico","status":"publish","type":"post","link":"https:\/\/eldiariodesanpedro.com.ar\/sitio\/la-comision-directiva-del-ccit-recibio-al-secretario-de-desarrollo-economico\/","title":{"rendered":"La Comisi\u00f3n Directiva del CCIT recibi\u00f3 al Secretario de Desarrollo Econ\u00f3mico"},"content":{"rendered":"<!-- VideographyWP Plugin Message: Automatic video embedding prevented by plugin options. -->\n\n<p>Este lunes las autoridades del Centro de Comercio, Industria y Turismo &nbsp;mantuvieron una productiva reuni\u00f3n con el Secretario de Desarrollo Econ\u00f3mico, Mart\u00edn Baraybar, para establecer una agenda conjunta de temas que son muy importantes para la b\u00fasqueda de herramientas y acciones que pueden beneficiar a todos los sectores que representa nuestra instituci\u00f3n.<\/p>\n\n\n\n<p>Fue el primer encuentro formal con el funcionario que asumi\u00f3 hace algunas semanas y sirvi\u00f3 para conocer la perspectiva con la que se ha hecho cargo de la Secretar\u00eda, los ejes sobre los que est\u00e1n trabajando y la manera de compartir los temas que hacen al desarrollo del comercio, industria y turismo.<\/p>\n\n\n\n<p>Los proyectos de radicaci\u00f3n de nuevas empresas, la b\u00fasqueda de inversiones para generar m\u00e1s trabajo, el impacto de las tasas municipales y los impuestos a los sectores que necesitan de mejores condiciones para mantenerse y crecer, la importancia de la capacitaci\u00f3n en diferentes niveles que contribuyan a generar valor al comercio, la industria y el turismo.<\/p>\n\n\n\n<p>Tambi\u00e9n se coincidi\u00f3 en el potencial que podr\u00eda tener una labor coordinada para seguir potenciando a los emprendedores como principal fuente de nuevos productos y servicios.<\/p>\n\n\n\n<p>Desde la entidad se destaca la predisposici\u00f3n y el inter\u00e9s demostrado por el funcionario y se ir\u00e1n coordinando y anunciando nuevas iniciativas compartidas para la comunidad.<\/p>\n","protected":false},"excerpt":{"rendered":"<p>Este lunes las autoridades del Centro de Comercio, Industria y Turismo &nbsp;mantuvieron una productiva reuni\u00f3n con el Secretario de Desarrollo Econ\u00f3mico, Mart\u00edn Baraybar, para establecer una agenda conjunta de temas que son muy importantes para la b\u00fasqueda de herramientas y acciones que pueden beneficiar a todos los sectores que representa nuestra instituci\u00f3n. Fue el primer [&hellip;]<\/p>\n","protected":false},"author":4,"featured_media":105237,"comment_status":"closed","ping_status":"closed","sticky":false,"template":"","format":"standard","meta":{"om_disable_all_campaigns":false,"_jetpack_memberships_contains_paid_content":false,"footnotes":""},"categories":[50,101,2],"tags":[],"class_list":["post-105236","post","type-post","status-publish","format-standard","has-post-thumbnail","hentry","category-destacadas","category-interes-general-locales","category-locales"],"aioseo_notices":[],"gutentor_comment":0,"jetpack_featured_media_url":"https:\/\/eldiariodesanpedro.com.ar\/sitio\/wp-content\/uploads\/2022\/03\/CCIT-BARAYBAR.jpeg","jetpack_shortlink":"https:\/\/wp.me\/p6RhLt-rnm","jetpack_sharing_enabled":true,"_links":{"self":[{"href":"https:\/\/eldiariodesanpedro.com.ar\/sitio\/wp-json\/wp\/v2\/posts\/105236","targetHints":{"allow":["GET"]}}],"collection":[{"href":"https:\/\/eldiariodesanpedro.com.ar\/sitio\/wp-json\/wp\/v2\/posts"}],"about":[{"href":"https:\/\/eldiariodesanpedro.com.ar\/sitio\/wp-json\/wp\/v2\/types\/post"}],"author":[{"embeddable":true,"href":"https:\/\/eldiariodesanpedro.com.ar\/sitio\/wp-json\/wp\/v2\/users\/4"}],"replies":[{"embeddable":true,"href":"https:\/\/eldiariodesanpedro.com.ar\/sitio\/wp-json\/wp\/v2\/comments?post=105236"}],"version-history":[{"count":1,"href":"https:\/\/eldiariodesanpedro.com.ar\/sitio\/wp-json\/wp\/v2\/posts\/105236\/revisions"}],"predecessor-version":[{"id":105238,"href":"https:\/\/eldiariodesanpedro.com.ar\/sitio\/wp-json\/wp\/v2\/posts\/105236\/revisions\/105238"}],"wp:featuredmedia":[{"embeddable":true,"href":"https:\/\/eldiariodesanpedro.com.ar\/sitio\/wp-json\/wp\/v2\/media\/105237"}],"wp:attachment":[{"href":"https:\/\/eldiariodesanpedro.com.ar\/sitio\/wp-json\/wp\/v2\/media?parent=105236"}],"wp:term":[{"taxonomy":"category","embeddable":true,"href":"https:\/\/eldiariodesanpedro.com.ar\/sitio\/wp-json\/wp\/v2\/categories?post=105236"},{"taxonomy":"post_tag","embeddable":true,"href":"https:\/\/eldiariodesanpedro.com.ar\/sitio\/wp-json\/wp\/v2\/tags?post=105236"}],"curies":[{"name":"wp","href":"https:\/\/api.w.org\/{rel}","templated":true}]}}