{"id":105221,"date":"2022-03-21T18:31:55","date_gmt":"2022-03-21T21:31:55","guid":{"rendered":"https:\/\/eldiariodesanpedro.com.ar\/sitio\/?p=105221"},"modified":"2022-03-21T18:31:56","modified_gmt":"2022-03-21T21:31:56","slug":"la-oficina-de-empleo-ofrece-nuevas-pasantias-empleo-joven","status":"publish","type":"post","link":"https:\/\/eldiariodesanpedro.com.ar\/sitio\/la-oficina-de-empleo-ofrece-nuevas-pasantias-empleo-joven\/","title":{"rendered":"La Oficina de Empleo ofrece nuevas pasant\u00edas \u00abEmpleo Joven\u00bb"},"content":{"rendered":"<!-- VideographyWP Plugin Message: Automatic video embedding prevented by plugin options. -->\n\n<p>La Oficina de Empleo de la Secretar\u00eda de Desarrollo Econ\u00f3mico convoc\u00f3 a j\u00f3venes de entre 18 y 24 a\u00f1os a participar en alguna de las pasant\u00edas que se encuentran disponibles.\u00a0<\/p>\n\n\n\n<p>Los interesados pueden enviar su Curriculum Vitae a empleo@sanpedro.gob.ar especificando el puesto en el que est\u00e1n interesados.&nbsp;<a><\/a><\/p>\n\n\n\n<p>Tambi\u00e9n pueden acercarse a la Oficina de Empleo, Ayacucho 299, de Lunes a Viernes de 8:00 am a 14:00 pm.&nbsp;<\/p>\n\n\n\n<p>Los datos pueden enviarse por mail a empleo@sanpedro.gob.ar. Para comunicarse telef\u00f3nicamente los n\u00fameros disponibles son 439850 \/436263.\u00a0<\/p>\n\n\n\n<figure class=\"wp-block-image size-full\"><img decoding=\"async\" width=\"752\" height=\"630\" data-attachment-id=\"105231\" data-permalink=\"https:\/\/eldiariodesanpedro.com.ar\/sitio\/la-oficina-de-empleo-ofrece-nuevas-pasantias-empleo-joven\/276065865_294766346129917_6326103648660174434_n\/\" data-orig-file=\"https:\/\/eldiariodesanpedro.com.ar\/sitio\/wp-content\/uploads\/2022\/03\/276065865_294766346129917_6326103648660174434_n.jpg\" data-orig-size=\"752,630\" data-comments-opened=\"0\" data-image-meta=\"{&quot;aperture&quot;:&quot;0&quot;,&quot;credit&quot;:&quot;&quot;,&quot;camera&quot;:&quot;&quot;,&quot;caption&quot;:&quot;&quot;,&quot;created_timestamp&quot;:&quot;0&quot;,&quot;copyright&quot;:&quot;&quot;,&quot;focal_length&quot;:&quot;0&quot;,&quot;iso&quot;:&quot;0&quot;,&quot;shutter_speed&quot;:&quot;0&quot;,&quot;title&quot;:&quot;&quot;,&quot;orientation&quot;:&quot;0&quot;}\" data-image-title=\"276065865_294766346129917_6326103648660174434_n\" data-image-description=\"\" data-image-caption=\"\" data-large-file=\"https:\/\/eldiariodesanpedro.com.ar\/sitio\/wp-content\/uploads\/2022\/03\/276065865_294766346129917_6326103648660174434_n.jpg\" data-src=\"https:\/\/eldiariodesanpedro.com.ar\/sitio\/wp-content\/uploads\/2022\/03\/276065865_294766346129917_6326103648660174434_n.jpg\" alt=\"\" class=\"wp-image-105231 lazyload\" data-srcset=\"https:\/\/eldiariodesanpedro.com.ar\/sitio\/wp-content\/uploads\/2022\/03\/276065865_294766346129917_6326103648660174434_n.jpg 752w, https:\/\/eldiariodesanpedro.com.ar\/sitio\/wp-content\/uploads\/2022\/03\/276065865_294766346129917_6326103648660174434_n-300x251.jpg 300w\" data-sizes=\"(max-width: 752px) 100vw, 752px\" src=\"data:image\/svg+xml;base64,PHN2ZyB3aWR0aD0iMSIgaGVpZ2h0PSIxIiB4bWxucz0iaHR0cDovL3d3dy53My5vcmcvMjAwMC9zdmciPjwvc3ZnPg==\" style=\"--smush-placeholder-width: 752px; --smush-placeholder-aspect-ratio: 752\/630;\" \/><\/figure>\n","protected":false},"excerpt":{"rendered":"<p>La Oficina de Empleo de la Secretar\u00eda de Desarrollo Econ\u00f3mico convoc\u00f3 a j\u00f3venes de entre 18 y 24 a\u00f1os a participar en alguna de las pasant\u00edas que se encuentran disponibles.\u00a0 Los interesados pueden enviar su Curriculum Vitae a empleo@sanpedro.gob.ar especificando el puesto en el que est\u00e1n interesados.&nbsp; Tambi\u00e9n pueden acercarse a la Oficina de Empleo, [&hellip;]<\/p>\n","protected":false},"author":4,"featured_media":105232,"comment_status":"closed","ping_status":"closed","sticky":false,"template":"","format":"standard","meta":{"om_disable_all_campaigns":false,"_jetpack_memberships_contains_paid_content":false,"footnotes":""},"categories":[101,2],"tags":[],"class_list":["post-105221","post","type-post","status-publish","format-standard","has-post-thumbnail","hentry","category-interes-general-locales","category-locales"],"aioseo_notices":[],"gutentor_comment":0,"jetpack_featured_media_url":"https:\/\/eldiariodesanpedro.com.ar\/sitio\/wp-content\/uploads\/2022\/03\/6075b7dc894b7.jpg","jetpack_shortlink":"https:\/\/wp.me\/p6RhLt-rn7","jetpack_sharing_enabled":true,"_links":{"self":[{"href":"https:\/\/eldiariodesanpedro.com.ar\/sitio\/wp-json\/wp\/v2\/posts\/105221","targetHints":{"allow":["GET"]}}],"collection":[{"href":"https:\/\/eldiariodesanpedro.com.ar\/sitio\/wp-json\/wp\/v2\/posts"}],"about":[{"href":"https:\/\/eldiariodesanpedro.com.ar\/sitio\/wp-json\/wp\/v2\/types\/post"}],"author":[{"embeddable":true,"href":"https:\/\/eldiariodesanpedro.com.ar\/sitio\/wp-json\/wp\/v2\/users\/4"}],"replies":[{"embeddable":true,"href":"https:\/\/eldiariodesanpedro.com.ar\/sitio\/wp-json\/wp\/v2\/comments?post=105221"}],"version-history":[{"count":1,"href":"https:\/\/eldiariodesanpedro.com.ar\/sitio\/wp-json\/wp\/v2\/posts\/105221\/revisions"}],"predecessor-version":[{"id":105233,"href":"https:\/\/eldiariodesanpedro.com.ar\/sitio\/wp-json\/wp\/v2\/posts\/105221\/revisions\/105233"}],"wp:featuredmedia":[{"embeddable":true,"href":"https:\/\/eldiariodesanpedro.com.ar\/sitio\/wp-json\/wp\/v2\/media\/105232"}],"wp:attachment":[{"href":"https:\/\/eldiariodesanpedro.com.ar\/sitio\/wp-json\/wp\/v2\/media?parent=105221"}],"wp:term":[{"taxonomy":"category","embeddable":true,"href":"https:\/\/eldiariodesanpedro.com.ar\/sitio\/wp-json\/wp\/v2\/categories?post=105221"},{"taxonomy":"post_tag","embeddable":true,"href":"https:\/\/eldiariodesanpedro.com.ar\/sitio\/wp-json\/wp\/v2\/tags?post=105221"}],"curies":[{"name":"wp","href":"https:\/\/api.w.org\/{rel}","templated":true}]}}