{"id":10522,"date":"2016-11-21T21:15:20","date_gmt":"2016-11-22T00:15:20","guid":{"rendered":"https:\/\/eldiariodesanpedro.com.ar\/sitio\/?p=10522"},"modified":"2016-11-21T21:15:20","modified_gmt":"2016-11-22T00:15:20","slug":"detienen-a-delincuente-en-el-hospital","status":"publish","type":"post","link":"https:\/\/eldiariodesanpedro.com.ar\/sitio\/detienen-a-delincuente-en-el-hospital\/","title":{"rendered":"Detienen a delincuente en el Hospital"},"content":{"rendered":"<p><!-- VideographyWP Plugin Message: Automatic video embedding prevented by plugin options. --><br \/>\nEn el d\u00eda domingo, fue detenido un delincuente en el Hospital local. El joven de 23 a\u00f1os, unos d\u00edas atr\u00e1s, y le hab\u00eda robado el celular, tras forcejear, a una mujer que circulaba en bicicleta. <\/p>\n<p>La detenci\u00f3n se produjo cuando la v\u00edctima del il\u00edcito se encontraba en el Hospital a la espera de ser atendida. En ese momento, reconoci\u00f3 al ladr\u00f3n que se encontraba en el lugar, por lo que la mujer ingres\u00f3 a la guardia para llamar al servicio 101. Para sorpresa de la v\u00edctima, el malviviente tambi\u00e9n la reconoci\u00f3 y se le acerc\u00f3 para decirle que, si quer\u00eda recuperar su tel\u00e9fono, deb\u00eda pagar el rescate del mismo. <\/p>\n<p>Al llegar el m\u00f3vil policial al lugar, el ladr\u00f3n se ofusc\u00f3 y comenz\u00f3 a forcejear con la polic\u00eda, siendo reducido inmediatamente y trasladado a la comisar\u00eda local. Interviene la UFI N\u00ba 7.<\/p>\n","protected":false},"excerpt":{"rendered":"<p>En el d\u00eda domingo, fue detenido un delincuente en el Hospital local. El joven de 23 a\u00f1os, unos d\u00edas atr\u00e1s, y le hab\u00eda robado el celular, tras forcejear, a una mujer que circulaba en bicicleta. La detenci\u00f3n se produjo cuando la v\u00edctima del il\u00edcito se encontraba en el Hospital a la espera de ser atendida. [&hellip;]<\/p>\n","protected":false},"author":4,"featured_media":10265,"comment_status":"open","ping_status":"closed","sticky":false,"template":"","format":"standard","meta":{"om_disable_all_campaigns":false,"_jetpack_memberships_contains_paid_content":false,"footnotes":""},"categories":[2,103],"tags":[],"class_list":["post-10522","post","type-post","status-publish","format-standard","has-post-thumbnail","hentry","category-locales","category-policiales-locales"],"aioseo_notices":[],"gutentor_comment":0,"jetpack_featured_media_url":"https:\/\/eldiariodesanpedro.com.ar\/sitio\/wp-content\/uploads\/2016\/11\/hospital-san-pedro.jpg","jetpack_shortlink":"https:\/\/wp.me\/p6RhLt-2JI","jetpack_sharing_enabled":true,"_links":{"self":[{"href":"https:\/\/eldiariodesanpedro.com.ar\/sitio\/wp-json\/wp\/v2\/posts\/10522","targetHints":{"allow":["GET"]}}],"collection":[{"href":"https:\/\/eldiariodesanpedro.com.ar\/sitio\/wp-json\/wp\/v2\/posts"}],"about":[{"href":"https:\/\/eldiariodesanpedro.com.ar\/sitio\/wp-json\/wp\/v2\/types\/post"}],"author":[{"embeddable":true,"href":"https:\/\/eldiariodesanpedro.com.ar\/sitio\/wp-json\/wp\/v2\/users\/4"}],"replies":[{"embeddable":true,"href":"https:\/\/eldiariodesanpedro.com.ar\/sitio\/wp-json\/wp\/v2\/comments?post=10522"}],"version-history":[{"count":1,"href":"https:\/\/eldiariodesanpedro.com.ar\/sitio\/wp-json\/wp\/v2\/posts\/10522\/revisions"}],"predecessor-version":[{"id":10523,"href":"https:\/\/eldiariodesanpedro.com.ar\/sitio\/wp-json\/wp\/v2\/posts\/10522\/revisions\/10523"}],"wp:featuredmedia":[{"embeddable":true,"href":"https:\/\/eldiariodesanpedro.com.ar\/sitio\/wp-json\/wp\/v2\/media\/10265"}],"wp:attachment":[{"href":"https:\/\/eldiariodesanpedro.com.ar\/sitio\/wp-json\/wp\/v2\/media?parent=10522"}],"wp:term":[{"taxonomy":"category","embeddable":true,"href":"https:\/\/eldiariodesanpedro.com.ar\/sitio\/wp-json\/wp\/v2\/categories?post=10522"},{"taxonomy":"post_tag","embeddable":true,"href":"https:\/\/eldiariodesanpedro.com.ar\/sitio\/wp-json\/wp\/v2\/tags?post=10522"}],"curies":[{"name":"wp","href":"https:\/\/api.w.org\/{rel}","templated":true}]}}