{"id":105219,"date":"2022-03-21T16:58:45","date_gmt":"2022-03-21T19:58:45","guid":{"rendered":"https:\/\/eldiariodesanpedro.com.ar\/sitio\/?p=105219"},"modified":"2022-03-21T16:58:45","modified_gmt":"2022-03-21T19:58:45","slug":"campana-de-vacunacion-para-caninos-y-felinos-en-los-aromitos","status":"publish","type":"post","link":"https:\/\/eldiariodesanpedro.com.ar\/sitio\/campana-de-vacunacion-para-caninos-y-felinos-en-los-aromitos\/","title":{"rendered":"Campa\u00f1a de Vacunaci\u00f3n para caninos y felinos en Los Aromitos"},"content":{"rendered":"<!-- VideographyWP Plugin Message: Automatic video embedding prevented by plugin options. -->\n\n<p>El Departamento Canino informa que, debido a las condiciones clim\u00e1ticas del \u00faltimo viernes fue reprogramada la campa\u00f1a de vacunaci\u00f3n para perros y gatos, para este viernes 25 de marzo, fecha en la que se instalar\u00e1 un equipo del \u00e1rea en la intersecci\u00f3n de las calles C. Carllevarino y C. Rafael Gomila del barrio Los Aromitos.<\/p>\n\n\n\n<p>Se invita a quienes deseen acercar sus mascotas entre las 9.00 hs y 12.30 hs, hacerlo respetando las medidas sanitarias vigentes. Les recordamos que todos los animales deber\u00e1n tener collar, correa y\/o bozal.<\/p>\n\n\n\n<p><\/p>\n","protected":false},"excerpt":{"rendered":"<p>El Departamento Canino informa que, debido a las condiciones clim\u00e1ticas del \u00faltimo viernes fue reprogramada la campa\u00f1a de vacunaci\u00f3n para perros y gatos, para este viernes 25 de marzo, fecha en la que se instalar\u00e1 un equipo del \u00e1rea en la intersecci\u00f3n de las calles C. Carllevarino y C. Rafael Gomila del barrio Los Aromitos. [&hellip;]<\/p>\n","protected":false},"author":4,"featured_media":19434,"comment_status":"closed","ping_status":"closed","sticky":false,"template":"","format":"standard","meta":{"om_disable_all_campaigns":false,"_jetpack_memberships_contains_paid_content":false,"footnotes":""},"categories":[101,2],"tags":[],"class_list":["post-105219","post","type-post","status-publish","format-standard","has-post-thumbnail","hentry","category-interes-general-locales","category-locales"],"aioseo_notices":[],"gutentor_comment":0,"jetpack_featured_media_url":"https:\/\/eldiariodesanpedro.com.ar\/sitio\/wp-content\/uploads\/2017\/06\/foto-vacunacion.jpg","jetpack_shortlink":"https:\/\/wp.me\/p6RhLt-rn5","jetpack_sharing_enabled":true,"_links":{"self":[{"href":"https:\/\/eldiariodesanpedro.com.ar\/sitio\/wp-json\/wp\/v2\/posts\/105219","targetHints":{"allow":["GET"]}}],"collection":[{"href":"https:\/\/eldiariodesanpedro.com.ar\/sitio\/wp-json\/wp\/v2\/posts"}],"about":[{"href":"https:\/\/eldiariodesanpedro.com.ar\/sitio\/wp-json\/wp\/v2\/types\/post"}],"author":[{"embeddable":true,"href":"https:\/\/eldiariodesanpedro.com.ar\/sitio\/wp-json\/wp\/v2\/users\/4"}],"replies":[{"embeddable":true,"href":"https:\/\/eldiariodesanpedro.com.ar\/sitio\/wp-json\/wp\/v2\/comments?post=105219"}],"version-history":[{"count":1,"href":"https:\/\/eldiariodesanpedro.com.ar\/sitio\/wp-json\/wp\/v2\/posts\/105219\/revisions"}],"predecessor-version":[{"id":105220,"href":"https:\/\/eldiariodesanpedro.com.ar\/sitio\/wp-json\/wp\/v2\/posts\/105219\/revisions\/105220"}],"wp:featuredmedia":[{"embeddable":true,"href":"https:\/\/eldiariodesanpedro.com.ar\/sitio\/wp-json\/wp\/v2\/media\/19434"}],"wp:attachment":[{"href":"https:\/\/eldiariodesanpedro.com.ar\/sitio\/wp-json\/wp\/v2\/media?parent=105219"}],"wp:term":[{"taxonomy":"category","embeddable":true,"href":"https:\/\/eldiariodesanpedro.com.ar\/sitio\/wp-json\/wp\/v2\/categories?post=105219"},{"taxonomy":"post_tag","embeddable":true,"href":"https:\/\/eldiariodesanpedro.com.ar\/sitio\/wp-json\/wp\/v2\/tags?post=105219"}],"curies":[{"name":"wp","href":"https:\/\/api.w.org\/{rel}","templated":true}]}}