{"id":105208,"date":"2022-03-21T13:32:39","date_gmt":"2022-03-21T16:32:39","guid":{"rendered":"https:\/\/eldiariodesanpedro.com.ar\/sitio\/?p=105208"},"modified":"2022-03-21T13:32:40","modified_gmt":"2022-03-21T16:32:40","slug":"llevo-dos-desconocidas-a-su-casa-tras-el-boliche-y-le-robaron-el-telefono","status":"publish","type":"post","link":"https:\/\/eldiariodesanpedro.com.ar\/sitio\/llevo-dos-desconocidas-a-su-casa-tras-el-boliche-y-le-robaron-el-telefono\/","title":{"rendered":"Llevo dos desconocidas a su casa tras el boliche y le robaron el tel\u00e9fono"},"content":{"rendered":"<!-- VideographyWP Plugin Message: Automatic video embedding prevented by plugin options. -->\n\n<p>En la ma\u00f1ana de este lunes se recibi\u00f3 en la comisar\u00eda local la denuncia de un ciudadano a quien dos mujeres le robaron un celular en su propia casa.<\/p>\n\n\n\n<p>El d\u00eda de hoy un masculino de 33 a\u00f1os de edad realiz\u00f3 una denuncia en la dependencia local porque momentos antes el sujeto se encontraba con dos mujeres en una vivienda ubicada en calle Davila al 400 donde en un momento de descuido estas j\u00f3venes le sustrajeron su tel\u00e9fono celular.&nbsp;<\/p>\n\n\n\n<p>Seg\u00fan inform\u00f3 la v\u00edctima no conoce a estas personas que las conoci\u00f3 en horas de la madrugada en una discoteca.<\/p>\n\n\n\n<p>Adem\u00e1s manifiesta que no hubo empleo de fuerza ni da\u00f1aron elemento alguno para cometer el hecho.&nbsp;<\/p>\n","protected":false},"excerpt":{"rendered":"<p>En la ma\u00f1ana de este lunes se recibi\u00f3 en la comisar\u00eda local la denuncia de un ciudadano a quien dos mujeres le robaron un celular en su propia casa. El d\u00eda de hoy un masculino de 33 a\u00f1os de edad realiz\u00f3 una denuncia en la dependencia local porque momentos antes el sujeto se encontraba con [&hellip;]<\/p>\n","protected":false},"author":4,"featured_media":57215,"comment_status":"closed","ping_status":"closed","sticky":false,"template":"","format":"standard","meta":{"om_disable_all_campaigns":false,"_jetpack_memberships_contains_paid_content":false,"footnotes":""},"categories":[50,2,103],"tags":[],"class_list":["post-105208","post","type-post","status-publish","format-standard","has-post-thumbnail","hentry","category-destacadas","category-locales","category-policiales-locales"],"aioseo_notices":[],"gutentor_comment":0,"jetpack_featured_media_url":"https:\/\/eldiariodesanpedro.com.ar\/sitio\/wp-content\/uploads\/2019\/07\/comisaria_1.jpg","jetpack_shortlink":"https:\/\/wp.me\/p6RhLt-rmU","jetpack_sharing_enabled":true,"_links":{"self":[{"href":"https:\/\/eldiariodesanpedro.com.ar\/sitio\/wp-json\/wp\/v2\/posts\/105208","targetHints":{"allow":["GET"]}}],"collection":[{"href":"https:\/\/eldiariodesanpedro.com.ar\/sitio\/wp-json\/wp\/v2\/posts"}],"about":[{"href":"https:\/\/eldiariodesanpedro.com.ar\/sitio\/wp-json\/wp\/v2\/types\/post"}],"author":[{"embeddable":true,"href":"https:\/\/eldiariodesanpedro.com.ar\/sitio\/wp-json\/wp\/v2\/users\/4"}],"replies":[{"embeddable":true,"href":"https:\/\/eldiariodesanpedro.com.ar\/sitio\/wp-json\/wp\/v2\/comments?post=105208"}],"version-history":[{"count":1,"href":"https:\/\/eldiariodesanpedro.com.ar\/sitio\/wp-json\/wp\/v2\/posts\/105208\/revisions"}],"predecessor-version":[{"id":105209,"href":"https:\/\/eldiariodesanpedro.com.ar\/sitio\/wp-json\/wp\/v2\/posts\/105208\/revisions\/105209"}],"wp:featuredmedia":[{"embeddable":true,"href":"https:\/\/eldiariodesanpedro.com.ar\/sitio\/wp-json\/wp\/v2\/media\/57215"}],"wp:attachment":[{"href":"https:\/\/eldiariodesanpedro.com.ar\/sitio\/wp-json\/wp\/v2\/media?parent=105208"}],"wp:term":[{"taxonomy":"category","embeddable":true,"href":"https:\/\/eldiariodesanpedro.com.ar\/sitio\/wp-json\/wp\/v2\/categories?post=105208"},{"taxonomy":"post_tag","embeddable":true,"href":"https:\/\/eldiariodesanpedro.com.ar\/sitio\/wp-json\/wp\/v2\/tags?post=105208"}],"curies":[{"name":"wp","href":"https:\/\/api.w.org\/{rel}","templated":true}]}}