{"id":105206,"date":"2022-03-21T13:15:50","date_gmt":"2022-03-21T16:15:50","guid":{"rendered":"https:\/\/eldiariodesanpedro.com.ar\/sitio\/?p=105206"},"modified":"2022-03-21T13:15:51","modified_gmt":"2022-03-21T16:15:51","slug":"la-policia-recupero-una-moto-que-fue-robada-en-la-madrugada-del-domingo-%ef%bf%bc","status":"publish","type":"post","link":"https:\/\/eldiariodesanpedro.com.ar\/sitio\/la-policia-recupero-una-moto-que-fue-robada-en-la-madrugada-del-domingo-%ef%bf%bc\/","title":{"rendered":"La polic\u00eda recuper\u00f3 una moto que fue robada en la madrugada del domingo\u00a0\ufffc"},"content":{"rendered":"<!-- VideographyWP Plugin Message: Automatic video embedding prevented by plugin options. -->\n\n<p>Este domingo alrededor de las 15 horas, el personal policial en calle Benefactoras Sampedrinas y calle Auli de la ciudad de San Pedro, tras tareas investigativas, procede al hallazgo de una motocicleta de marca Mondial de 110 cc, abandonada en un zanj\u00f3n, la cual fue denunciada por un masculino de 23 a\u00f1os de edad, como sustra\u00edda en horas de la ma\u00f1ana en calle Pellegrini y Ruiz Moreno.<\/p>\n","protected":false},"excerpt":{"rendered":"<p>Este domingo alrededor de las 15 horas, el personal policial en calle Benefactoras Sampedrinas y calle Auli de la ciudad de San Pedro, tras tareas investigativas, procede al hallazgo de una motocicleta de marca Mondial de 110 cc, abandonada en un zanj\u00f3n, la cual fue denunciada por un masculino de 23 a\u00f1os de edad, como [&hellip;]<\/p>\n","protected":false},"author":4,"featured_media":78843,"comment_status":"closed","ping_status":"closed","sticky":false,"template":"","format":"standard","meta":{"om_disable_all_campaigns":false,"_jetpack_memberships_contains_paid_content":false,"footnotes":""},"categories":[2,103],"tags":[],"class_list":["post-105206","post","type-post","status-publish","format-standard","has-post-thumbnail","hentry","category-locales","category-policiales-locales"],"aioseo_notices":[],"gutentor_comment":0,"jetpack_featured_media_url":"https:\/\/eldiariodesanpedro.com.ar\/sitio\/wp-content\/uploads\/2020\/08\/0.jpg","jetpack_shortlink":"https:\/\/wp.me\/p6RhLt-rmS","jetpack_sharing_enabled":true,"_links":{"self":[{"href":"https:\/\/eldiariodesanpedro.com.ar\/sitio\/wp-json\/wp\/v2\/posts\/105206","targetHints":{"allow":["GET"]}}],"collection":[{"href":"https:\/\/eldiariodesanpedro.com.ar\/sitio\/wp-json\/wp\/v2\/posts"}],"about":[{"href":"https:\/\/eldiariodesanpedro.com.ar\/sitio\/wp-json\/wp\/v2\/types\/post"}],"author":[{"embeddable":true,"href":"https:\/\/eldiariodesanpedro.com.ar\/sitio\/wp-json\/wp\/v2\/users\/4"}],"replies":[{"embeddable":true,"href":"https:\/\/eldiariodesanpedro.com.ar\/sitio\/wp-json\/wp\/v2\/comments?post=105206"}],"version-history":[{"count":1,"href":"https:\/\/eldiariodesanpedro.com.ar\/sitio\/wp-json\/wp\/v2\/posts\/105206\/revisions"}],"predecessor-version":[{"id":105207,"href":"https:\/\/eldiariodesanpedro.com.ar\/sitio\/wp-json\/wp\/v2\/posts\/105206\/revisions\/105207"}],"wp:featuredmedia":[{"embeddable":true,"href":"https:\/\/eldiariodesanpedro.com.ar\/sitio\/wp-json\/wp\/v2\/media\/78843"}],"wp:attachment":[{"href":"https:\/\/eldiariodesanpedro.com.ar\/sitio\/wp-json\/wp\/v2\/media?parent=105206"}],"wp:term":[{"taxonomy":"category","embeddable":true,"href":"https:\/\/eldiariodesanpedro.com.ar\/sitio\/wp-json\/wp\/v2\/categories?post=105206"},{"taxonomy":"post_tag","embeddable":true,"href":"https:\/\/eldiariodesanpedro.com.ar\/sitio\/wp-json\/wp\/v2\/tags?post=105206"}],"curies":[{"name":"wp","href":"https:\/\/api.w.org\/{rel}","templated":true}]}}