{"id":105203,"date":"2022-03-21T13:00:05","date_gmt":"2022-03-21T16:00:05","guid":{"rendered":"https:\/\/eldiariodesanpedro.com.ar\/sitio\/?p=105203"},"modified":"2022-03-21T13:00:06","modified_gmt":"2022-03-21T16:00:06","slug":"primero-robaron-pertenencias-y-luego-prendieron-fuego-dos-habitaciones%ef%bf%bc","status":"publish","type":"post","link":"https:\/\/eldiariodesanpedro.com.ar\/sitio\/primero-robaron-pertenencias-y-luego-prendieron-fuego-dos-habitaciones%ef%bf%bc\/","title":{"rendered":"Primero robaron pertenencias y luego prendieron fuego dos habitaciones\ufffc"},"content":{"rendered":"<!-- VideographyWP Plugin Message: Automatic video embedding prevented by plugin options. -->\n\n<p>En la jornada de ayer domingo alrededor de las 10:30 hs se dio la denuncia de una mujer de 53 a\u00f1os de edad, que aproximadamente 09:30 horas, autores ignorados sustrajeron una motoguada\u00f1a y tres maquinas de coser de su domicilio ubicado en calle Col\u00f3n al&nbsp; 2500 de \u00e9sta ciudad y posteriormente incendiaron dos habitaciones intencionalmente.&nbsp;<\/p>\n\n\n\n<p>El personal de bomberos voluntarios San Pedro trabajaron en la vivienda sofocando el incendio.&nbsp;<\/p>\n\n\n\n<p>No posee sospechas sobre la autor\u00eda del hecho. Interviene fiscal\u00eda 05 San Pedro.-<\/p>\n","protected":false},"excerpt":{"rendered":"<p>En la jornada de ayer domingo alrededor de las 10:30 hs se dio la denuncia de una mujer de 53 a\u00f1os de edad, que aproximadamente 09:30 horas, autores ignorados sustrajeron una motoguada\u00f1a y tres maquinas de coser de su domicilio ubicado en calle Col\u00f3n al&nbsp; 2500 de \u00e9sta ciudad y posteriormente incendiaron dos habitaciones intencionalmente.&nbsp; [&hellip;]<\/p>\n","protected":false},"author":4,"featured_media":105204,"comment_status":"closed","ping_status":"closed","sticky":false,"template":"","format":"standard","meta":{"om_disable_all_campaigns":false,"_jetpack_memberships_contains_paid_content":false,"footnotes":""},"categories":[50,2,103],"tags":[],"class_list":["post-105203","post","type-post","status-publish","format-standard","has-post-thumbnail","hentry","category-destacadas","category-locales","category-policiales-locales"],"aioseo_notices":[],"gutentor_comment":0,"jetpack_featured_media_url":"https:\/\/eldiariodesanpedro.com.ar\/sitio\/wp-content\/uploads\/2022\/03\/IMG_20220321_085158.jpg","jetpack_shortlink":"https:\/\/wp.me\/p6RhLt-rmP","jetpack_sharing_enabled":true,"_links":{"self":[{"href":"https:\/\/eldiariodesanpedro.com.ar\/sitio\/wp-json\/wp\/v2\/posts\/105203","targetHints":{"allow":["GET"]}}],"collection":[{"href":"https:\/\/eldiariodesanpedro.com.ar\/sitio\/wp-json\/wp\/v2\/posts"}],"about":[{"href":"https:\/\/eldiariodesanpedro.com.ar\/sitio\/wp-json\/wp\/v2\/types\/post"}],"author":[{"embeddable":true,"href":"https:\/\/eldiariodesanpedro.com.ar\/sitio\/wp-json\/wp\/v2\/users\/4"}],"replies":[{"embeddable":true,"href":"https:\/\/eldiariodesanpedro.com.ar\/sitio\/wp-json\/wp\/v2\/comments?post=105203"}],"version-history":[{"count":1,"href":"https:\/\/eldiariodesanpedro.com.ar\/sitio\/wp-json\/wp\/v2\/posts\/105203\/revisions"}],"predecessor-version":[{"id":105205,"href":"https:\/\/eldiariodesanpedro.com.ar\/sitio\/wp-json\/wp\/v2\/posts\/105203\/revisions\/105205"}],"wp:featuredmedia":[{"embeddable":true,"href":"https:\/\/eldiariodesanpedro.com.ar\/sitio\/wp-json\/wp\/v2\/media\/105204"}],"wp:attachment":[{"href":"https:\/\/eldiariodesanpedro.com.ar\/sitio\/wp-json\/wp\/v2\/media?parent=105203"}],"wp:term":[{"taxonomy":"category","embeddable":true,"href":"https:\/\/eldiariodesanpedro.com.ar\/sitio\/wp-json\/wp\/v2\/categories?post=105203"},{"taxonomy":"post_tag","embeddable":true,"href":"https:\/\/eldiariodesanpedro.com.ar\/sitio\/wp-json\/wp\/v2\/tags?post=105203"}],"curies":[{"name":"wp","href":"https:\/\/api.w.org\/{rel}","templated":true}]}}