{"id":105201,"date":"2022-03-21T12:05:09","date_gmt":"2022-03-21T15:05:09","guid":{"rendered":"https:\/\/eldiariodesanpedro.com.ar\/sitio\/?p=105201"},"modified":"2022-03-21T12:05:09","modified_gmt":"2022-03-21T15:05:09","slug":"denuncia-de-una-moto-robada-este-sabado","status":"publish","type":"post","link":"https:\/\/eldiariodesanpedro.com.ar\/sitio\/denuncia-de-una-moto-robada-este-sabado\/","title":{"rendered":"Denuncia de una moto robada este s\u00e1bado"},"content":{"rendered":"<!-- VideographyWP Plugin Message: Automatic video embedding prevented by plugin options. -->\n\n<p>En la jornada del domingo una ciudadana realiz\u00f3 una denuncia en la comisar\u00eda local ya que sufri\u00f3 el robo de una motocicleta en la v\u00eda p\u00fablica el pasado s\u00e1bado por la noche.<\/p>\n\n\n\n<p>El hecho ocurri\u00f3 este s\u00e1bado alrededor de las 23 hs en cercan\u00edas de calle Mitre y Honorio Pueyrred\u00f3n cuando una motocicleta tipo 110 cc estacionada en la v\u00eda p\u00fablica fue sustra\u00edda por delincuentes ignorados.<\/p>\n\n\n\n<p>El caso es investigado por la fiscal\u00eda N\u00ba 5 local.<\/p>\n","protected":false},"excerpt":{"rendered":"<p>En la jornada del domingo una ciudadana realiz\u00f3 una denuncia en la comisar\u00eda local ya que sufri\u00f3 el robo de una motocicleta en la v\u00eda p\u00fablica el pasado s\u00e1bado por la noche. El hecho ocurri\u00f3 este s\u00e1bado alrededor de las 23 hs en cercan\u00edas de calle Mitre y Honorio Pueyrred\u00f3n cuando una motocicleta tipo 110 [&hellip;]<\/p>\n","protected":false},"author":4,"featured_media":56528,"comment_status":"closed","ping_status":"closed","sticky":false,"template":"","format":"standard","meta":{"om_disable_all_campaigns":false,"_jetpack_memberships_contains_paid_content":false,"footnotes":""},"categories":[2,103],"tags":[],"class_list":["post-105201","post","type-post","status-publish","format-standard","has-post-thumbnail","hentry","category-locales","category-policiales-locales"],"aioseo_notices":[],"gutentor_comment":0,"jetpack_featured_media_url":"https:\/\/eldiariodesanpedro.com.ar\/sitio\/wp-content\/uploads\/2019\/07\/patrulla66-1024x680.jpg","jetpack_shortlink":"https:\/\/wp.me\/p6RhLt-rmN","jetpack_sharing_enabled":true,"_links":{"self":[{"href":"https:\/\/eldiariodesanpedro.com.ar\/sitio\/wp-json\/wp\/v2\/posts\/105201","targetHints":{"allow":["GET"]}}],"collection":[{"href":"https:\/\/eldiariodesanpedro.com.ar\/sitio\/wp-json\/wp\/v2\/posts"}],"about":[{"href":"https:\/\/eldiariodesanpedro.com.ar\/sitio\/wp-json\/wp\/v2\/types\/post"}],"author":[{"embeddable":true,"href":"https:\/\/eldiariodesanpedro.com.ar\/sitio\/wp-json\/wp\/v2\/users\/4"}],"replies":[{"embeddable":true,"href":"https:\/\/eldiariodesanpedro.com.ar\/sitio\/wp-json\/wp\/v2\/comments?post=105201"}],"version-history":[{"count":1,"href":"https:\/\/eldiariodesanpedro.com.ar\/sitio\/wp-json\/wp\/v2\/posts\/105201\/revisions"}],"predecessor-version":[{"id":105202,"href":"https:\/\/eldiariodesanpedro.com.ar\/sitio\/wp-json\/wp\/v2\/posts\/105201\/revisions\/105202"}],"wp:featuredmedia":[{"embeddable":true,"href":"https:\/\/eldiariodesanpedro.com.ar\/sitio\/wp-json\/wp\/v2\/media\/56528"}],"wp:attachment":[{"href":"https:\/\/eldiariodesanpedro.com.ar\/sitio\/wp-json\/wp\/v2\/media?parent=105201"}],"wp:term":[{"taxonomy":"category","embeddable":true,"href":"https:\/\/eldiariodesanpedro.com.ar\/sitio\/wp-json\/wp\/v2\/categories?post=105201"},{"taxonomy":"post_tag","embeddable":true,"href":"https:\/\/eldiariodesanpedro.com.ar\/sitio\/wp-json\/wp\/v2\/tags?post=105201"}],"curies":[{"name":"wp","href":"https:\/\/api.w.org\/{rel}","templated":true}]}}