{"id":105199,"date":"2022-03-21T11:57:30","date_gmt":"2022-03-21T14:57:30","guid":{"rendered":"https:\/\/eldiariodesanpedro.com.ar\/sitio\/?p=105199"},"modified":"2022-03-21T11:57:31","modified_gmt":"2022-03-21T14:57:31","slug":"delincuentes-robaron-en-una-vivienda-de-fin-de-semana-de-un-turista-%ef%bf%bc","status":"publish","type":"post","link":"https:\/\/eldiariodesanpedro.com.ar\/sitio\/delincuentes-robaron-en-una-vivienda-de-fin-de-semana-de-un-turista-%ef%bf%bc\/","title":{"rendered":"Delincuentes robaron en una vivienda de fin de semana de un turista\u00a0\ufffc"},"content":{"rendered":"<!-- VideographyWP Plugin Message: Automatic video embedding prevented by plugin options. -->\n\n<p>Este domingo siendo las 11 horas denunci\u00f3 un ciudadano de 43 a\u00f1os de edad, que posee una casa de fin de semana ubicada en Callej\u00f3n V S\/N de San Pedro, y el d\u00eda de ayer es anoticiado por su hermano que autores ignorados le habr\u00edan ingresado previo provocar da\u00f1o en aberturas para luego sustraer del interior un microondas, una pileta Pelopincho y una cuchilla.\u00a0<\/p>\n\n\n\n<p>Tras ser consultado refiere no posee c\u00e1maras de seguridad, como tampoco no hay testigos del hecho ni posee sospecha alguna.&nbsp;<\/p>\n\n\n\n<p>Interviene la fiscal\u00eda Nro. 05 San Pedro.<\/p>\n","protected":false},"excerpt":{"rendered":"<p>Este domingo siendo las 11 horas denunci\u00f3 un ciudadano de 43 a\u00f1os de edad, que posee una casa de fin de semana ubicada en Callej\u00f3n V S\/N de San Pedro, y el d\u00eda de ayer es anoticiado por su hermano que autores ignorados le habr\u00edan ingresado previo provocar da\u00f1o en aberturas para luego sustraer del [&hellip;]<\/p>\n","protected":false},"author":4,"featured_media":103679,"comment_status":"closed","ping_status":"closed","sticky":false,"template":"","format":"standard","meta":{"om_disable_all_campaigns":false,"_jetpack_memberships_contains_paid_content":false,"footnotes":""},"categories":[2,103],"tags":[],"class_list":["post-105199","post","type-post","status-publish","format-standard","has-post-thumbnail","hentry","category-locales","category-policiales-locales"],"aioseo_notices":[],"gutentor_comment":0,"jetpack_featured_media_url":"https:\/\/eldiariodesanpedro.com.ar\/sitio\/wp-content\/uploads\/2022\/02\/comisaria_san_pedro.jpg","jetpack_shortlink":"https:\/\/wp.me\/p6RhLt-rmL","jetpack_sharing_enabled":true,"_links":{"self":[{"href":"https:\/\/eldiariodesanpedro.com.ar\/sitio\/wp-json\/wp\/v2\/posts\/105199","targetHints":{"allow":["GET"]}}],"collection":[{"href":"https:\/\/eldiariodesanpedro.com.ar\/sitio\/wp-json\/wp\/v2\/posts"}],"about":[{"href":"https:\/\/eldiariodesanpedro.com.ar\/sitio\/wp-json\/wp\/v2\/types\/post"}],"author":[{"embeddable":true,"href":"https:\/\/eldiariodesanpedro.com.ar\/sitio\/wp-json\/wp\/v2\/users\/4"}],"replies":[{"embeddable":true,"href":"https:\/\/eldiariodesanpedro.com.ar\/sitio\/wp-json\/wp\/v2\/comments?post=105199"}],"version-history":[{"count":1,"href":"https:\/\/eldiariodesanpedro.com.ar\/sitio\/wp-json\/wp\/v2\/posts\/105199\/revisions"}],"predecessor-version":[{"id":105200,"href":"https:\/\/eldiariodesanpedro.com.ar\/sitio\/wp-json\/wp\/v2\/posts\/105199\/revisions\/105200"}],"wp:featuredmedia":[{"embeddable":true,"href":"https:\/\/eldiariodesanpedro.com.ar\/sitio\/wp-json\/wp\/v2\/media\/103679"}],"wp:attachment":[{"href":"https:\/\/eldiariodesanpedro.com.ar\/sitio\/wp-json\/wp\/v2\/media?parent=105199"}],"wp:term":[{"taxonomy":"category","embeddable":true,"href":"https:\/\/eldiariodesanpedro.com.ar\/sitio\/wp-json\/wp\/v2\/categories?post=105199"},{"taxonomy":"post_tag","embeddable":true,"href":"https:\/\/eldiariodesanpedro.com.ar\/sitio\/wp-json\/wp\/v2\/tags?post=105199"}],"curies":[{"name":"wp","href":"https:\/\/api.w.org\/{rel}","templated":true}]}}