{"id":105196,"date":"2022-03-21T11:44:15","date_gmt":"2022-03-21T14:44:15","guid":{"rendered":"https:\/\/eldiariodesanpedro.com.ar\/sitio\/?p=105196"},"modified":"2022-03-21T11:44:16","modified_gmt":"2022-03-21T14:44:16","slug":"temprano-este-lunes-un-accidente-con-una-joven-lesionada","status":"publish","type":"post","link":"https:\/\/eldiariodesanpedro.com.ar\/sitio\/temprano-este-lunes-un-accidente-con-una-joven-lesionada\/","title":{"rendered":"Temprano este lunes un accidente con una joven lesionada"},"content":{"rendered":"<!-- VideographyWP Plugin Message: Automatic video embedding prevented by plugin options. -->\n\n<p>En la jornada de hoy alrededor de las 7:30 hs. se produjo una colisi\u00f3n entre dos veh\u00edculos. Una camioneta Peugeot Partner que se dirig\u00eda por Nuestra Se\u00f1ora del Socorro y una moto tipo Dax 75 CC que transitaba por 3 de Febrero.<\/p>\n\n\n\n<p>C\u00f3mo consecuencia de ello, fue derivada al nosocomio local por una ambulancia del SAME una joven que se dirig\u00eda a bordo del rodado menor quien en un principio habr\u00eda sufrido lesiones leves.<\/p>\n","protected":false},"excerpt":{"rendered":"<p>En la jornada de hoy alrededor de las 7:30 hs. se produjo una colisi\u00f3n entre dos veh\u00edculos. Una camioneta Peugeot Partner que se dirig\u00eda por Nuestra Se\u00f1ora del Socorro y una moto tipo Dax 75 CC que transitaba por 3 de Febrero. C\u00f3mo consecuencia de ello, fue derivada al nosocomio local por una ambulancia del [&hellip;]<\/p>\n","protected":false},"author":4,"featured_media":105197,"comment_status":"closed","ping_status":"closed","sticky":false,"template":"","format":"standard","meta":{"om_disable_all_campaigns":false,"_jetpack_memberships_contains_paid_content":false,"footnotes":""},"categories":[2,103],"tags":[],"class_list":["post-105196","post","type-post","status-publish","format-standard","has-post-thumbnail","hentry","category-locales","category-policiales-locales"],"aioseo_notices":[],"gutentor_comment":0,"jetpack_featured_media_url":"https:\/\/eldiariodesanpedro.com.ar\/sitio\/wp-content\/uploads\/2022\/03\/WhatsApp-Image-2022-03-21-at-8.55.48-AM.jpeg","jetpack_shortlink":"https:\/\/wp.me\/p6RhLt-rmI","jetpack_sharing_enabled":true,"_links":{"self":[{"href":"https:\/\/eldiariodesanpedro.com.ar\/sitio\/wp-json\/wp\/v2\/posts\/105196","targetHints":{"allow":["GET"]}}],"collection":[{"href":"https:\/\/eldiariodesanpedro.com.ar\/sitio\/wp-json\/wp\/v2\/posts"}],"about":[{"href":"https:\/\/eldiariodesanpedro.com.ar\/sitio\/wp-json\/wp\/v2\/types\/post"}],"author":[{"embeddable":true,"href":"https:\/\/eldiariodesanpedro.com.ar\/sitio\/wp-json\/wp\/v2\/users\/4"}],"replies":[{"embeddable":true,"href":"https:\/\/eldiariodesanpedro.com.ar\/sitio\/wp-json\/wp\/v2\/comments?post=105196"}],"version-history":[{"count":1,"href":"https:\/\/eldiariodesanpedro.com.ar\/sitio\/wp-json\/wp\/v2\/posts\/105196\/revisions"}],"predecessor-version":[{"id":105198,"href":"https:\/\/eldiariodesanpedro.com.ar\/sitio\/wp-json\/wp\/v2\/posts\/105196\/revisions\/105198"}],"wp:featuredmedia":[{"embeddable":true,"href":"https:\/\/eldiariodesanpedro.com.ar\/sitio\/wp-json\/wp\/v2\/media\/105197"}],"wp:attachment":[{"href":"https:\/\/eldiariodesanpedro.com.ar\/sitio\/wp-json\/wp\/v2\/media?parent=105196"}],"wp:term":[{"taxonomy":"category","embeddable":true,"href":"https:\/\/eldiariodesanpedro.com.ar\/sitio\/wp-json\/wp\/v2\/categories?post=105196"},{"taxonomy":"post_tag","embeddable":true,"href":"https:\/\/eldiariodesanpedro.com.ar\/sitio\/wp-json\/wp\/v2\/tags?post=105196"}],"curies":[{"name":"wp","href":"https:\/\/api.w.org\/{rel}","templated":true}]}}