{"id":10519,"date":"2016-11-21T20:46:07","date_gmt":"2016-11-21T23:46:07","guid":{"rendered":"https:\/\/eldiariodesanpedro.com.ar\/sitio\/?p=10519"},"modified":"2016-11-22T10:18:43","modified_gmt":"2016-11-22T13:18:43","slug":"comenzo-la-filmacion-de-la-novela-el-jardin-de-bronce","status":"publish","type":"post","link":"https:\/\/eldiariodesanpedro.com.ar\/sitio\/comenzo-la-filmacion-de-la-novela-el-jardin-de-bronce\/","title":{"rendered":"Comenz\u00f3 la filmaci\u00f3n de la novela \u00abEl jard\u00edn de bronce\u00bb"},"content":{"rendered":"<p><!-- VideographyWP Plugin Message: Automatic video embedding prevented by plugin options. --><br \/>\nEn el d\u00eda de hoy se llevo a cabo el primer d\u00eda de los cuatro d\u00edas que se grabara en nuestra ciudad la mini serie \u00abEl jard\u00edn de bronce\u00bb la cual es producida por HBO y Pol-Ka, dirigida por Hern\u00e1n Golfrid quien anteriormente hab\u00eda dirigido \u00abTiempo de Valientes, Tesis sobre un homicidio\u00bb y Pablo Fendrik quien tambi\u00e9n dirigi\u00f3 \u00abEl ardor, La sangre brota\u00bb, la misma tiene un reconocido guionista Gustavo Malajovich quien escribi\u00f3 esta novel y ademas a realizado trabajos como los reconocido Simuladores y tambi\u00e9n Muerte en Buenos Aires. En la tira que seg\u00fan nos comento el director Hern\u00e1n Golfried todav\u00eda no tiene fecha de estreno pero si se save que sera estrenada en el 2017 por canal 13 y consta de 8 cap\u00edtulos.<\/p>\n<p>Esta novela contara con grandes actores de nuestro pa\u00eds entre ellos Joaqu\u00edn Furriel, Norma Aleandro, Luis Luque, Gerardo Romano, Julieta Zylberberg y Alan Sabbagh, la misma tratara de un policial sobre un arquitecto que trata de encontrar a su hijo de cuatro a\u00f1os quien desapareci\u00f3 en los subtes de buenos aires junto a su ni\u00f1era. Teniendo en cuenta que por la inutilidad de los polic\u00edas y funcionarios pol\u00edticos el padre del ni\u00f1o recorrer\u00e1 varias ciudades durante a\u00f1os tratando de localizarlo.<\/p>\n<p>Los rodajes del d\u00eda de ayer se llevaron a cabo en por la ma\u00f1ana en la reconocida Marmoleria Sironi ubicada en las cercan\u00edas de calle Belgrano y Ayacucho y por la tarde en una casa que se encuentra en ruinas en calle Pavon al 400.<\/p>\n<p>El rodaje continuara estos d\u00edas en diferentes puntos de la ciudad ademas tambi\u00e9n tendr\u00e1 tomas que se realizaran en el ri\u00f3 Paran\u00e1 y zona de islas. Para estos d\u00edas de filmaci\u00f3n se preparo especialmente los hoteles Howard Jhonson donde se alojaran las 40 personas que vinieron a armar la gran producci\u00f3n para los sets de filmaci\u00f3n y los actores.<\/p>\n<p>Los vecinos que se acercaron a los dos puntos que estuvieron hoy fueron recibidos de una manera muy cordial por todo el personal que se encuentra trabajando y sobre todo el actor Joaquin Furriel quien humildemente accedi\u00f3 a sacarse fotograf\u00edas y aut\u00f3grafos con cada persona que se lo solicito y ademas de tratar de una manera muy agradable a todos los presentes.<\/p>\n<p>Momentos que se realizaba el ensayo de la escena en la marmoleria<\/p>\n<div class=\"fb-video\" data-allowfullscreen=\"true\" data-href=\"https:\/\/www.facebook.com\/eldiario.desanpedro\/videos\/540173119525165\/\" style=\"background-color: #fff; display: inline-block;\"><\/div>\n<p>Entrevista con el directo Hern\u00e1n Golfried<\/p>\n<div class=\"fb-video\" data-allowfullscreen=\"true\" data-href=\"https:\/\/www.facebook.com\/eldiario.desanpedro\/videos\/540177562858054\/\" style=\"background-color: #fff; display: inline-block;\"><\/div>\n<p><iframe data-src=\"\/\/embedsocial.com\/facebook_album\/album_photos\/540191832856627\" width=\"900\" height=\"1500\" frameborder=\"0\" marginwidth=\"0\" marginheight=\"0\" scrolling=\"no\" src=\"data:image\/svg+xml;base64,PHN2ZyB3aWR0aD0iMSIgaGVpZ2h0PSIxIiB4bWxucz0iaHR0cDovL3d3dy53My5vcmcvMjAwMC9zdmciPjwvc3ZnPg==\" class=\"lazyload\" data-load-mode=\"1\"><\/iframe><\/p>\n","protected":false},"excerpt":{"rendered":"<p>En el d\u00eda de hoy se llevo a cabo el primer d\u00eda de los cuatro d\u00edas que se grabara en nuestra ciudad la mini serie \u00abEl jard\u00edn de bronce\u00bb la cual es producida por HBO y Pol-Ka, dirigida por Hern\u00e1n Golfrid quien anteriormente hab\u00eda dirigido \u00abTiempo de Valientes, Tesis sobre un homicidio\u00bb y Pablo Fendrik [&hellip;]<\/p>\n","protected":false},"author":4,"featured_media":10521,"comment_status":"open","ping_status":"closed","sticky":false,"template":"","format":"standard","meta":{"om_disable_all_campaigns":false,"_jetpack_memberships_contains_paid_content":false,"footnotes":""},"categories":[50,101,2],"tags":[],"class_list":["post-10519","post","type-post","status-publish","format-standard","has-post-thumbnail","hentry","category-destacadas","category-interes-general-locales","category-locales"],"aioseo_notices":[],"gutentor_comment":0,"jetpack_featured_media_url":"https:\/\/eldiariodesanpedro.com.ar\/sitio\/wp-content\/uploads\/2016\/11\/TAPA-2-e1479820713567.jpg","jetpack_shortlink":"https:\/\/wp.me\/p6RhLt-2JF","jetpack_sharing_enabled":true,"_links":{"self":[{"href":"https:\/\/eldiariodesanpedro.com.ar\/sitio\/wp-json\/wp\/v2\/posts\/10519","targetHints":{"allow":["GET"]}}],"collection":[{"href":"https:\/\/eldiariodesanpedro.com.ar\/sitio\/wp-json\/wp\/v2\/posts"}],"about":[{"href":"https:\/\/eldiariodesanpedro.com.ar\/sitio\/wp-json\/wp\/v2\/types\/post"}],"author":[{"embeddable":true,"href":"https:\/\/eldiariodesanpedro.com.ar\/sitio\/wp-json\/wp\/v2\/users\/4"}],"replies":[{"embeddable":true,"href":"https:\/\/eldiariodesanpedro.com.ar\/sitio\/wp-json\/wp\/v2\/comments?post=10519"}],"version-history":[{"count":1,"href":"https:\/\/eldiariodesanpedro.com.ar\/sitio\/wp-json\/wp\/v2\/posts\/10519\/revisions"}],"predecessor-version":[{"id":10520,"href":"https:\/\/eldiariodesanpedro.com.ar\/sitio\/wp-json\/wp\/v2\/posts\/10519\/revisions\/10520"}],"wp:featuredmedia":[{"embeddable":true,"href":"https:\/\/eldiariodesanpedro.com.ar\/sitio\/wp-json\/wp\/v2\/media\/10521"}],"wp:attachment":[{"href":"https:\/\/eldiariodesanpedro.com.ar\/sitio\/wp-json\/wp\/v2\/media?parent=10519"}],"wp:term":[{"taxonomy":"category","embeddable":true,"href":"https:\/\/eldiariodesanpedro.com.ar\/sitio\/wp-json\/wp\/v2\/categories?post=10519"},{"taxonomy":"post_tag","embeddable":true,"href":"https:\/\/eldiariodesanpedro.com.ar\/sitio\/wp-json\/wp\/v2\/tags?post=10519"}],"curies":[{"name":"wp","href":"https:\/\/api.w.org\/{rel}","templated":true}]}}