{"id":105183,"date":"2022-03-21T10:43:59","date_gmt":"2022-03-21T13:43:59","guid":{"rendered":"https:\/\/eldiariodesanpedro.com.ar\/sitio\/?p=105183"},"modified":"2022-03-21T10:43:59","modified_gmt":"2022-03-21T13:43:59","slug":"conclusiones-generales-de-la-asamblea-de-productores-organizada-por-las-rurales-del-norte-de-buenos-aires%ef%bf%bc","status":"publish","type":"post","link":"https:\/\/eldiariodesanpedro.com.ar\/sitio\/conclusiones-generales-de-la-asamblea-de-productores-organizada-por-las-rurales-del-norte-de-buenos-aires%ef%bf%bc\/","title":{"rendered":"Conclusiones generales de la asamblea de productores organizada por las rurales del norte de Buenos Aires\ufffc"},"content":{"rendered":"<!-- VideographyWP Plugin Message: Automatic video embedding prevented by plugin options. -->\n\n<p>La consigna de la Asamblea fue &#8211; LIBRES, NO MENDIGOS \u2013 ya que nuestros genuinos reclamos sectoriales pasan a un segundo plano cuando el 50 % de la poblaci\u00f3n se encuentra debajo del l\u00edmite de pobreza.<\/p>\n\n\n\n<p>Con nutrida concurrencia se desarroll\u00f3 la Asamblea con presencia de legisladores Nacionales \/ Provinciales y medios de comunicaci\u00f3n en el KM 6.5 de la Ruta 191 en el acceso a San Pedro.<\/p>\n\n\n\n<p><strong>Durante el encuentro hablaron ante los presentes:&nbsp;<br><\/strong><br>Javier Milei (Diputado nacional) \/ Alberto del Solar Dorrego (Rural de Rojas) \/ Rodrigo Esponda (Rural Jun\u00edn) \/ Sr. Montoya (La Pampa), Patricia V\u00e1zquez(movimiento independiente) \/ Arabetta Daniel \/ Ariel Bianchi (Autoconvocados)\/ Sr.Albero Pafundi de Totoras Sta. Fe (Autoconvocados)\/ Martin Sturla (Rural Cap. Sarmiento) \/ Sr Varese (Rural Cap. Sarmiento) \/ Horacio Salaverri (Pte. CARBAP) y Hugo Biga (Marcos Ju\u00e1rez),&nbsp; entre otros.<br><strong>Conclusiones Generales<\/strong><\/p>\n\n\n\n<p>&#8211; Se terminaron los tiempos de di\u00e1logos infructuosos con el gobierno, se solicita a la Mesa de Enlace acciones directas e inmediatas a consensuar.<\/p>\n\n\n\n<p>&#8211; Pueden ser una movilizaci\u00f3n a un centro urbano (CABA \u2013 Rosario \u2013 C\u00f3rdoba), cese de comercializaci\u00f3n por tiempo indeterminado, acciones en los puertos para impedir embarques de granos, etc.<\/p>\n\n\n\n<p>&#8211; El \u201cdesacople\u201d de precios para el consumo interno de la poblaci\u00f3n lo debe realizar el gobierno con la baja de impuestos que gravan los alimentos (IVA \u2013 Ganancias \u2013 Ingreso Brutos \u2013 impuesto al cheque \/ transferencias bancarias \u2013 etc.<\/p>\n\n\n\n<p>&#8211; El sector rural debe unirse para lograr estos objetivos dejando personalismos y divisiones.<\/p>\n\n\n\n<p>&#8211; Los medios de comunicaci\u00f3n deben ser parte del malestar de los productores de base.<\/p>\n\n\n\n<p>&#8211; Trabajar intensamente para sacar de la indiferencia a los productores rurales que se conforman simplemente con las migajas que ofrece el gobierno, que atenta directamente a las inversiones para la campa\u00f1a 2022\/23.<\/p>\n\n\n\n<p>&#8211; El sector rural es el responsable de las divisas con que el gobierno mantiene esta fiesta descontrolada de d\u00e9ficit permanente gastando m\u00e1s de los recaudado produciendo una inflaci\u00f3n que conlleva a la pobreza de los m\u00e1s necesitados.<\/p>\n\n\n\n<p>-Descontento del sector con el argumento del presidente de CARBAP, quien manifest\u00f3 que los dirigentes de mayor peso nacional deben \u201cesperar el momento justo para definir acciones a seguir\u201d.<\/p>\n\n\n\n<p><strong>Presencias<\/strong>.<\/p>\n\n\n\n<p>Sociedad Rural de San Pedro<br>Asociaci\u00f3n Regional de Productores de Areco<br>Sociedad Rural de Rojas<br>Asociaci\u00f3n de Productores Agropecuarios de Capit\u00e1n Sarmiento<br>Sociedad Rural de Vedia.<br>Sociedad Rural de Col\u00f3n<br>Asociaci\u00f3n de Productores Agropecuarios de Salto<br>Sociedad Rural de Baradero<br>Sociedad Rural de Pergamino<br>Sociedad Rural de Arrecifes<br>Autoconvocados de distintos puntos del pa\u00eds.<br>Productores en general.<br>Legisladores Provinciales y Nacionales.<br>Autoridades de CARBAP.<\/p>\n","protected":false},"excerpt":{"rendered":"<p>La consigna de la Asamblea fue &#8211; LIBRES, NO MENDIGOS \u2013 ya que nuestros genuinos reclamos sectoriales pasan a un segundo plano cuando el 50 % de la poblaci\u00f3n se encuentra debajo del l\u00edmite de pobreza. Con nutrida concurrencia se desarroll\u00f3 la Asamblea con presencia de legisladores Nacionales \/ Provinciales y medios de comunicaci\u00f3n en [&hellip;]<\/p>\n","protected":false},"author":4,"featured_media":105153,"comment_status":"closed","ping_status":"closed","sticky":false,"template":"","format":"standard","meta":{"om_disable_all_campaigns":false,"_jetpack_memberships_contains_paid_content":false,"footnotes":""},"categories":[50,101,2],"tags":[],"class_list":["post-105183","post","type-post","status-publish","format-standard","has-post-thumbnail","hentry","category-destacadas","category-interes-general-locales","category-locales"],"aioseo_notices":[],"gutentor_comment":0,"jetpack_featured_media_url":"https:\/\/eldiariodesanpedro.com.ar\/sitio\/wp-content\/uploads\/2022\/03\/WhatsApp-Image-2022-03-18-at-1.34.00-PM.jpeg","jetpack_shortlink":"https:\/\/wp.me\/p6RhLt-rmv","jetpack_sharing_enabled":true,"_links":{"self":[{"href":"https:\/\/eldiariodesanpedro.com.ar\/sitio\/wp-json\/wp\/v2\/posts\/105183","targetHints":{"allow":["GET"]}}],"collection":[{"href":"https:\/\/eldiariodesanpedro.com.ar\/sitio\/wp-json\/wp\/v2\/posts"}],"about":[{"href":"https:\/\/eldiariodesanpedro.com.ar\/sitio\/wp-json\/wp\/v2\/types\/post"}],"author":[{"embeddable":true,"href":"https:\/\/eldiariodesanpedro.com.ar\/sitio\/wp-json\/wp\/v2\/users\/4"}],"replies":[{"embeddable":true,"href":"https:\/\/eldiariodesanpedro.com.ar\/sitio\/wp-json\/wp\/v2\/comments?post=105183"}],"version-history":[{"count":1,"href":"https:\/\/eldiariodesanpedro.com.ar\/sitio\/wp-json\/wp\/v2\/posts\/105183\/revisions"}],"predecessor-version":[{"id":105184,"href":"https:\/\/eldiariodesanpedro.com.ar\/sitio\/wp-json\/wp\/v2\/posts\/105183\/revisions\/105184"}],"wp:featuredmedia":[{"embeddable":true,"href":"https:\/\/eldiariodesanpedro.com.ar\/sitio\/wp-json\/wp\/v2\/media\/105153"}],"wp:attachment":[{"href":"https:\/\/eldiariodesanpedro.com.ar\/sitio\/wp-json\/wp\/v2\/media?parent=105183"}],"wp:term":[{"taxonomy":"category","embeddable":true,"href":"https:\/\/eldiariodesanpedro.com.ar\/sitio\/wp-json\/wp\/v2\/categories?post=105183"},{"taxonomy":"post_tag","embeddable":true,"href":"https:\/\/eldiariodesanpedro.com.ar\/sitio\/wp-json\/wp\/v2\/tags?post=105183"}],"curies":[{"name":"wp","href":"https:\/\/api.w.org\/{rel}","templated":true}]}}