{"id":105177,"date":"2022-03-21T09:09:27","date_gmt":"2022-03-21T12:09:27","guid":{"rendered":"https:\/\/eldiariodesanpedro.com.ar\/sitio\/?p=105177"},"modified":"2022-03-21T09:09:28","modified_gmt":"2022-03-21T12:09:28","slug":"un-buque-arribo-al-puerto-san-pedro-para-la-carga-de-trigo%ef%bf%bc","status":"publish","type":"post","link":"https:\/\/eldiariodesanpedro.com.ar\/sitio\/un-buque-arribo-al-puerto-san-pedro-para-la-carga-de-trigo%ef%bf%bc\/","title":{"rendered":"Un buque arrib\u00f3 al Puerto San Pedro para la carga de trigo\ufffc"},"content":{"rendered":"<!-- VideographyWP Plugin Message: Automatic video embedding prevented by plugin options. -->\n\n<p>El Consorcio de Gesti\u00f3n del Puerto San Pedro informa que este lunes arriba un nuevo buque que realizar\u00e1 la carga de trigo a granel para transportar a Om\u00e1n\u00a0\u00a0<\/p>\n\n\n\n<p>BUQUE:<strong>PRINCESS JOANNA<\/strong> <br>BANDERA: ISLAS MARSHALL <br>ESLORA: 185.58 M <br>PROCEDENCIA: PUERTO SAN LORENZO &#8211; ARGENTINA <br>MUELLE: ELEVADOR <br>AMARRE ESTIMADO:<strong> 21 -3 -22 &#8211; AM<\/strong> <br>MERCADERIA: 27.200 toneladas de trigo a granel<br>DESTINO: <strong>OM\u00c1N<\/strong><\/p>\n","protected":false},"excerpt":{"rendered":"<p>El Consorcio de Gesti\u00f3n del Puerto San Pedro informa que este lunes arriba un nuevo buque que realizar\u00e1 la carga de trigo a granel para transportar a Om\u00e1n\u00a0\u00a0 BUQUE:PRINCESS JOANNA BANDERA: ISLAS MARSHALL ESLORA: 185.58 M PROCEDENCIA: PUERTO SAN LORENZO &#8211; ARGENTINA MUELLE: ELEVADOR AMARRE ESTIMADO: 21 -3 -22 &#8211; AM MERCADERIA: 27.200 toneladas de [&hellip;]<\/p>\n","protected":false},"author":4,"featured_media":105178,"comment_status":"closed","ping_status":"closed","sticky":false,"template":"","format":"standard","meta":{"om_disable_all_campaigns":false,"_jetpack_memberships_contains_paid_content":false,"footnotes":""},"categories":[50,101,2],"tags":[],"class_list":["post-105177","post","type-post","status-publish","format-standard","has-post-thumbnail","hentry","category-destacadas","category-interes-general-locales","category-locales"],"aioseo_notices":[],"gutentor_comment":0,"jetpack_featured_media_url":"https:\/\/eldiariodesanpedro.com.ar\/sitio\/wp-content\/uploads\/2022\/03\/1.jpg","jetpack_shortlink":"https:\/\/wp.me\/p6RhLt-rmp","jetpack_sharing_enabled":true,"_links":{"self":[{"href":"https:\/\/eldiariodesanpedro.com.ar\/sitio\/wp-json\/wp\/v2\/posts\/105177","targetHints":{"allow":["GET"]}}],"collection":[{"href":"https:\/\/eldiariodesanpedro.com.ar\/sitio\/wp-json\/wp\/v2\/posts"}],"about":[{"href":"https:\/\/eldiariodesanpedro.com.ar\/sitio\/wp-json\/wp\/v2\/types\/post"}],"author":[{"embeddable":true,"href":"https:\/\/eldiariodesanpedro.com.ar\/sitio\/wp-json\/wp\/v2\/users\/4"}],"replies":[{"embeddable":true,"href":"https:\/\/eldiariodesanpedro.com.ar\/sitio\/wp-json\/wp\/v2\/comments?post=105177"}],"version-history":[{"count":1,"href":"https:\/\/eldiariodesanpedro.com.ar\/sitio\/wp-json\/wp\/v2\/posts\/105177\/revisions"}],"predecessor-version":[{"id":105179,"href":"https:\/\/eldiariodesanpedro.com.ar\/sitio\/wp-json\/wp\/v2\/posts\/105177\/revisions\/105179"}],"wp:featuredmedia":[{"embeddable":true,"href":"https:\/\/eldiariodesanpedro.com.ar\/sitio\/wp-json\/wp\/v2\/media\/105178"}],"wp:attachment":[{"href":"https:\/\/eldiariodesanpedro.com.ar\/sitio\/wp-json\/wp\/v2\/media?parent=105177"}],"wp:term":[{"taxonomy":"category","embeddable":true,"href":"https:\/\/eldiariodesanpedro.com.ar\/sitio\/wp-json\/wp\/v2\/categories?post=105177"},{"taxonomy":"post_tag","embeddable":true,"href":"https:\/\/eldiariodesanpedro.com.ar\/sitio\/wp-json\/wp\/v2\/tags?post=105177"}],"curies":[{"name":"wp","href":"https:\/\/api.w.org\/{rel}","templated":true}]}}