{"id":105175,"date":"2022-03-21T08:54:04","date_gmt":"2022-03-21T11:54:04","guid":{"rendered":"https:\/\/eldiariodesanpedro.com.ar\/sitio\/?p=105175"},"modified":"2022-03-21T08:54:04","modified_gmt":"2022-03-21T11:54:04","slug":"anses-quienes-cobran-hoy-21-de-marzo-jubilaciones-pensiones-no-contributivas","status":"publish","type":"post","link":"https:\/\/eldiariodesanpedro.com.ar\/sitio\/anses-quienes-cobran-hoy-21-de-marzo-jubilaciones-pensiones-no-contributivas\/","title":{"rendered":"ANSES: qui\u00e9nes cobran hoy, 21 de marzo, jubilaciones, Pensiones No Contributivas"},"content":{"rendered":"<!-- VideographyWP Plugin Message: Automatic video embedding prevented by plugin options. -->\n\n<p><strong>ANSES informa que ma\u00f1ana se abonan jubilaciones, pensiones, Asignaci\u00f3n Universal por Hijo, Asignaciones Familiares, Asignaci\u00f3n por Embarazo y los programas Alimentar para AUH, Hogar y Alimentario PAMI.<\/strong><\/p>\n\n\n\n<p><strong>Jubilaciones&nbsp;y&nbsp;pensiones&nbsp;<\/strong><\/p>\n\n\n\n<p>Las sucursales bancarias habilitadas atender\u00e1n por ventanilla a jubilados, jubiladas, pensionados y pensionadas con documentos terminados en&nbsp;<strong>8&nbsp;<\/strong>cuyoshaberesNO SUPERENla suma de 36.676 pesos.<\/p>\n\n\n\n<p><strong>Asignaci\u00f3n Universal por Hijo y Asignaci\u00f3n Familiar por Hijo<\/strong><\/p>\n\n\n\n<p>Con la utilizaci\u00f3n de la tarjeta de d\u00e9bito, ma\u00f1ana perciben la Asignaci\u00f3n Universal por Hijo y la Asignaci\u00f3n Familiar por Hijo titulares con documentos concluidos en&nbsp;<strong>8<\/strong>.<\/p>\n\n\n\n<p><strong>Asignaci\u00f3n por Embarazo<\/strong><\/p>\n\n\n\n<p>Con la utilizaci\u00f3n de la tarjeta de d\u00e9bito, ma\u00f1ana cobran la Asignaci\u00f3n por Embarazo las titulares con documentos finalizados en&nbsp;<strong>7<\/strong>.<\/p>\n\n\n\n<p><strong>Programa Alimentar<\/strong><\/p>\n\n\n\n<p>En el marco del&nbsp;<em>Plan Argentina contra el Hambre<\/em>&nbsp;del Ministerio de Desarrollo Social, ANSES acompa\u00f1a con el pago del programa Alimentar.<br>Ma\u00f1ana&nbsp;cobran titulares de AUH con documentos terminados en&nbsp;<strong>8<\/strong>&nbsp;en la misma cuenta de la prestaci\u00f3n.<\/p>\n\n\n\n<p><strong>Programa Hogar<\/strong><\/p>\n\n\n\n<p>ANSES y la Secretar\u00eda de Energ\u00eda impulsan en conjunto el Programa Hogar, mediante el cual se otorga un subsidio para la compra&nbsp;de garrafas en viviendas que no est\u00e1n conectadas a la red de gas natural.&nbsp;Ma\u00f1ana&nbsp;cobran este beneficio las personas con documentos concluidos en&nbsp;<strong>8<\/strong>.<\/p>\n\n\n\n<p><strong>Programa Alimentario PAMI<\/strong><\/p>\n\n\n\n<p>Este mes se lleva adelante el noveno pago extraordinario de hasta 3000 pesos para personas afiliadas a PAMI, quienes recib\u00edan el bols\u00f3n de alimentos que se entregaban en centros de jubilados antes del Covid-19, y para mayores de 85 a\u00f1os con jubilaci\u00f3n m\u00ednima. Reciben el pago en la misma fecha y cuenta que cobran su haber.<strong><\/strong><\/p>\n","protected":false},"excerpt":{"rendered":"<p>ANSES informa que ma\u00f1ana se abonan jubilaciones, pensiones, Asignaci\u00f3n Universal por Hijo, Asignaciones Familiares, Asignaci\u00f3n por Embarazo y los programas Alimentar para AUH, Hogar y Alimentario PAMI. Jubilaciones&nbsp;y&nbsp;pensiones&nbsp; Las sucursales bancarias habilitadas atender\u00e1n por ventanilla a jubilados, jubiladas, pensionados y pensionadas con documentos terminados en&nbsp;8&nbsp;cuyoshaberesNO SUPERENla suma de 36.676 pesos. Asignaci\u00f3n Universal por Hijo y [&hellip;]<\/p>\n","protected":false},"author":4,"featured_media":100119,"comment_status":"closed","ping_status":"closed","sticky":false,"template":"","format":"standard","meta":{"om_disable_all_campaigns":false,"_jetpack_memberships_contains_paid_content":false,"footnotes":""},"categories":[50,101,2],"tags":[],"class_list":["post-105175","post","type-post","status-publish","format-standard","has-post-thumbnail","hentry","category-destacadas","category-interes-general-locales","category-locales"],"aioseo_notices":[],"gutentor_comment":0,"jetpack_featured_media_url":"https:\/\/eldiariodesanpedro.com.ar\/sitio\/wp-content\/uploads\/2021\/10\/ansesjpgjpg.jpg","jetpack_shortlink":"https:\/\/wp.me\/p6RhLt-rmn","jetpack_sharing_enabled":true,"_links":{"self":[{"href":"https:\/\/eldiariodesanpedro.com.ar\/sitio\/wp-json\/wp\/v2\/posts\/105175","targetHints":{"allow":["GET"]}}],"collection":[{"href":"https:\/\/eldiariodesanpedro.com.ar\/sitio\/wp-json\/wp\/v2\/posts"}],"about":[{"href":"https:\/\/eldiariodesanpedro.com.ar\/sitio\/wp-json\/wp\/v2\/types\/post"}],"author":[{"embeddable":true,"href":"https:\/\/eldiariodesanpedro.com.ar\/sitio\/wp-json\/wp\/v2\/users\/4"}],"replies":[{"embeddable":true,"href":"https:\/\/eldiariodesanpedro.com.ar\/sitio\/wp-json\/wp\/v2\/comments?post=105175"}],"version-history":[{"count":1,"href":"https:\/\/eldiariodesanpedro.com.ar\/sitio\/wp-json\/wp\/v2\/posts\/105175\/revisions"}],"predecessor-version":[{"id":105176,"href":"https:\/\/eldiariodesanpedro.com.ar\/sitio\/wp-json\/wp\/v2\/posts\/105175\/revisions\/105176"}],"wp:featuredmedia":[{"embeddable":true,"href":"https:\/\/eldiariodesanpedro.com.ar\/sitio\/wp-json\/wp\/v2\/media\/100119"}],"wp:attachment":[{"href":"https:\/\/eldiariodesanpedro.com.ar\/sitio\/wp-json\/wp\/v2\/media?parent=105175"}],"wp:term":[{"taxonomy":"category","embeddable":true,"href":"https:\/\/eldiariodesanpedro.com.ar\/sitio\/wp-json\/wp\/v2\/categories?post=105175"},{"taxonomy":"post_tag","embeddable":true,"href":"https:\/\/eldiariodesanpedro.com.ar\/sitio\/wp-json\/wp\/v2\/tags?post=105175"}],"curies":[{"name":"wp","href":"https:\/\/api.w.org\/{rel}","templated":true}]}}