{"id":105160,"date":"2022-03-18T14:59:38","date_gmt":"2022-03-18T17:59:38","guid":{"rendered":"https:\/\/eldiariodesanpedro.com.ar\/sitio\/?p=105160"},"modified":"2022-03-18T14:59:38","modified_gmt":"2022-03-18T17:59:38","slug":"volco-la-ambulancia-del-hospital-26-de-julio-de-gobernador-castro","status":"publish","type":"post","link":"https:\/\/eldiariodesanpedro.com.ar\/sitio\/volco-la-ambulancia-del-hospital-26-de-julio-de-gobernador-castro\/","title":{"rendered":"Volc\u00f3 la ambulancia del hospital 26 de Julio de Gobernador Castro"},"content":{"rendered":"<!-- VideographyWP Plugin Message: Automatic video embedding prevented by plugin options. -->\n\n<p>El vuelco ocurri\u00f3 en la calle Mitre y Pueyrred\u00f3n de la localidad, donde por razones que se tratan de&nbsp; establecer cae en la zanja y vuelca la ambulancia del Hospital 26 de Julio.&nbsp;<\/p>\n\n\n\n<p>Se trata de una Toyota Hilux dominio, conducida por Nicolas Cavas de 37 a\u00f1os junto a su acompa\u00f1ante Tamara Medina una enfermera de 24 a\u00f1os.&nbsp;<\/p>\n\n\n\n<p>Afortunadamente las dos personas no resultaron lesionadas de gravedad . Interviene la\u00a0 UFI 5.<\/p>\n\n\n\n<figure class=\"wp-block-image size-full\"><img decoding=\"async\" width=\"687\" height=\"630\" data-attachment-id=\"105162\" data-permalink=\"https:\/\/eldiariodesanpedro.com.ar\/sitio\/volco-la-ambulancia-del-hospital-26-de-julio-de-gobernador-castro\/275874778_10161801519393696_2748030437259108360_n\/\" data-orig-file=\"https:\/\/eldiariodesanpedro.com.ar\/sitio\/wp-content\/uploads\/2022\/03\/275874778_10161801519393696_2748030437259108360_n.jpg\" data-orig-size=\"687,630\" data-comments-opened=\"0\" data-image-meta=\"{&quot;aperture&quot;:&quot;0&quot;,&quot;credit&quot;:&quot;&quot;,&quot;camera&quot;:&quot;&quot;,&quot;caption&quot;:&quot;&quot;,&quot;created_timestamp&quot;:&quot;0&quot;,&quot;copyright&quot;:&quot;&quot;,&quot;focal_length&quot;:&quot;0&quot;,&quot;iso&quot;:&quot;0&quot;,&quot;shutter_speed&quot;:&quot;0&quot;,&quot;title&quot;:&quot;&quot;,&quot;orientation&quot;:&quot;0&quot;}\" data-image-title=\"275874778_10161801519393696_2748030437259108360_n\" data-image-description=\"\" data-image-caption=\"\" data-large-file=\"https:\/\/eldiariodesanpedro.com.ar\/sitio\/wp-content\/uploads\/2022\/03\/275874778_10161801519393696_2748030437259108360_n.jpg\" data-src=\"https:\/\/eldiariodesanpedro.com.ar\/sitio\/wp-content\/uploads\/2022\/03\/275874778_10161801519393696_2748030437259108360_n.jpg\" alt=\"\" class=\"wp-image-105162 lazyload\" data-srcset=\"https:\/\/eldiariodesanpedro.com.ar\/sitio\/wp-content\/uploads\/2022\/03\/275874778_10161801519393696_2748030437259108360_n.jpg 687w, https:\/\/eldiariodesanpedro.com.ar\/sitio\/wp-content\/uploads\/2022\/03\/275874778_10161801519393696_2748030437259108360_n-300x275.jpg 300w\" data-sizes=\"(max-width: 687px) 100vw, 687px\" src=\"data:image\/svg+xml;base64,PHN2ZyB3aWR0aD0iMSIgaGVpZ2h0PSIxIiB4bWxucz0iaHR0cDovL3d3dy53My5vcmcvMjAwMC9zdmciPjwvc3ZnPg==\" style=\"--smush-placeholder-width: 687px; --smush-placeholder-aspect-ratio: 687\/630;\" \/><\/figure>\n\n\n\n<figure class=\"wp-block-image size-full\"><img decoding=\"async\" width=\"398\" height=\"630\" data-attachment-id=\"105163\" data-permalink=\"https:\/\/eldiariodesanpedro.com.ar\/sitio\/volco-la-ambulancia-del-hospital-26-de-julio-de-gobernador-castro\/276128393_10161801519288696_9215489226275180543_n\/\" data-orig-file=\"https:\/\/eldiariodesanpedro.com.ar\/sitio\/wp-content\/uploads\/2022\/03\/276128393_10161801519288696_9215489226275180543_n.jpg\" data-orig-size=\"398,630\" data-comments-opened=\"0\" data-image-meta=\"{&quot;aperture&quot;:&quot;0&quot;,&quot;credit&quot;:&quot;&quot;,&quot;camera&quot;:&quot;&quot;,&quot;caption&quot;:&quot;&quot;,&quot;created_timestamp&quot;:&quot;0&quot;,&quot;copyright&quot;:&quot;&quot;,&quot;focal_length&quot;:&quot;0&quot;,&quot;iso&quot;:&quot;0&quot;,&quot;shutter_speed&quot;:&quot;0&quot;,&quot;title&quot;:&quot;&quot;,&quot;orientation&quot;:&quot;0&quot;}\" data-image-title=\"276128393_10161801519288696_9215489226275180543_n\" data-image-description=\"\" data-image-caption=\"\" data-large-file=\"https:\/\/eldiariodesanpedro.com.ar\/sitio\/wp-content\/uploads\/2022\/03\/276128393_10161801519288696_9215489226275180543_n.jpg\" data-src=\"https:\/\/eldiariodesanpedro.com.ar\/sitio\/wp-content\/uploads\/2022\/03\/276128393_10161801519288696_9215489226275180543_n.jpg\" alt=\"\" class=\"wp-image-105163 lazyload\" data-srcset=\"https:\/\/eldiariodesanpedro.com.ar\/sitio\/wp-content\/uploads\/2022\/03\/276128393_10161801519288696_9215489226275180543_n.jpg 398w, https:\/\/eldiariodesanpedro.com.ar\/sitio\/wp-content\/uploads\/2022\/03\/276128393_10161801519288696_9215489226275180543_n-190x300.jpg 190w\" data-sizes=\"(max-width: 398px) 100vw, 398px\" src=\"data:image\/svg+xml;base64,PHN2ZyB3aWR0aD0iMSIgaGVpZ2h0PSIxIiB4bWxucz0iaHR0cDovL3d3dy53My5vcmcvMjAwMC9zdmciPjwvc3ZnPg==\" style=\"--smush-placeholder-width: 398px; --smush-placeholder-aspect-ratio: 398\/630;\" \/><\/figure>\n","protected":false},"excerpt":{"rendered":"<p>El vuelco ocurri\u00f3 en la calle Mitre y Pueyrred\u00f3n de la localidad, donde por razones que se tratan de&nbsp; establecer cae en la zanja y vuelca la ambulancia del Hospital 26 de Julio.&nbsp; Se trata de una Toyota Hilux dominio, conducida por Nicolas Cavas de 37 a\u00f1os junto a su acompa\u00f1ante Tamara Medina una enfermera [&hellip;]<\/p>\n","protected":false},"author":4,"featured_media":105161,"comment_status":"closed","ping_status":"closed","sticky":false,"template":"","format":"standard","meta":{"om_disable_all_campaigns":false,"_jetpack_memberships_contains_paid_content":false,"footnotes":""},"categories":[50,2,103],"tags":[197,33,95,19],"class_list":["post-105160","post","type-post","status-publish","format-standard","has-post-thumbnail","hentry","category-destacadas","category-locales","category-policiales-locales","tag-buenos-aires","tag-locales","tag-policiales","tag-san-pedro"],"aioseo_notices":[],"gutentor_comment":0,"jetpack_featured_media_url":"https:\/\/eldiariodesanpedro.com.ar\/sitio\/wp-content\/uploads\/2022\/03\/medida-5.jpg","jetpack_shortlink":"https:\/\/wp.me\/p6RhLt-rm8","jetpack_sharing_enabled":true,"_links":{"self":[{"href":"https:\/\/eldiariodesanpedro.com.ar\/sitio\/wp-json\/wp\/v2\/posts\/105160","targetHints":{"allow":["GET"]}}],"collection":[{"href":"https:\/\/eldiariodesanpedro.com.ar\/sitio\/wp-json\/wp\/v2\/posts"}],"about":[{"href":"https:\/\/eldiariodesanpedro.com.ar\/sitio\/wp-json\/wp\/v2\/types\/post"}],"author":[{"embeddable":true,"href":"https:\/\/eldiariodesanpedro.com.ar\/sitio\/wp-json\/wp\/v2\/users\/4"}],"replies":[{"embeddable":true,"href":"https:\/\/eldiariodesanpedro.com.ar\/sitio\/wp-json\/wp\/v2\/comments?post=105160"}],"version-history":[{"count":1,"href":"https:\/\/eldiariodesanpedro.com.ar\/sitio\/wp-json\/wp\/v2\/posts\/105160\/revisions"}],"predecessor-version":[{"id":105164,"href":"https:\/\/eldiariodesanpedro.com.ar\/sitio\/wp-json\/wp\/v2\/posts\/105160\/revisions\/105164"}],"wp:featuredmedia":[{"embeddable":true,"href":"https:\/\/eldiariodesanpedro.com.ar\/sitio\/wp-json\/wp\/v2\/media\/105161"}],"wp:attachment":[{"href":"https:\/\/eldiariodesanpedro.com.ar\/sitio\/wp-json\/wp\/v2\/media?parent=105160"}],"wp:term":[{"taxonomy":"category","embeddable":true,"href":"https:\/\/eldiariodesanpedro.com.ar\/sitio\/wp-json\/wp\/v2\/categories?post=105160"},{"taxonomy":"post_tag","embeddable":true,"href":"https:\/\/eldiariodesanpedro.com.ar\/sitio\/wp-json\/wp\/v2\/tags?post=105160"}],"curies":[{"name":"wp","href":"https:\/\/api.w.org\/{rel}","templated":true}]}}