{"id":105157,"date":"2022-03-18T14:46:56","date_gmt":"2022-03-18T17:46:56","guid":{"rendered":"https:\/\/eldiariodesanpedro.com.ar\/sitio\/?p=105157"},"modified":"2022-03-18T14:46:57","modified_gmt":"2022-03-18T17:46:57","slug":"cambios-en-la-entrega-de-turnos-y-la-atencion-publica-en-el-hospital-local","status":"publish","type":"post","link":"https:\/\/eldiariodesanpedro.com.ar\/sitio\/cambios-en-la-entrega-de-turnos-y-la-atencion-publica-en-el-hospital-local\/","title":{"rendered":"Cambios en la entrega de turnos y la atenci\u00f3n p\u00fablica en el hospital local"},"content":{"rendered":"<!-- VideographyWP Plugin Message: Automatic video embedding prevented by plugin options. -->\n\n<p>El Secretario de Salud Dr. Pablo Pichioni, la Subsecretaria Lorena Elgoyhen y el Director de Atenci\u00f3n Primaria de la Salud Dr. Gabriel Sayago brindaron esta ma\u00f1ana una conferencia de prensa en las oficinas del \u00e1rea para compartir informaci\u00f3n relacionada con la reestructuraci\u00f3n que se propone para la atenci\u00f3n de la salud p\u00fablica en los diferentes niveles.<\/p>\n\n\n\n<p>El Dr. Sayago anunci\u00f3 que desde el lunes 21 en las instalaciones de Paran\u00e1 F\u00fatbol Club se realizar\u00e1n para los ni\u00f1os y ni\u00f1as de entre 6 y 12 a\u00f1os, controles de salud para la extensi\u00f3n de los certificados que solicitan las escuelas y actividades deportivas.<\/p>\n\n\n\n<p>La atenci\u00f3n ser\u00e1 el lunes 21 de marzo de 10 a 15 horas, martes y mi\u00e9rcoles de 8 a 12 y el resto de los d\u00edas se ir\u00e1n informando por los diferentes medios.<\/p>\n\n\n\n<p>Se realizar\u00e1n all\u00ed controles de salud bucal y electrocardiogramas, para emitir la documentaci\u00f3n correspondiente.<\/p>\n\n\n\n<p>Para la realizaci\u00f3n de estos estudios, los menores deber\u00e1n concurrir con DNI, Libreta Sanitaria y acompa\u00f1ados de adulto a su cargo.<\/p>\n\n\n\n<p>Con relaci\u00f3n al seguimiento de la Pandemia de Covid-19 ante la considerable reducci\u00f3n de consultas y casos, a partir del lunes, los hisopados se realizar\u00e1n en los Consultorios Febriles que funcionar\u00e1n con acceso sobre calle Belgrano 1840, en el Hospital Emilio Ruffa de lunes a viernes de 8 a 12 hs.<\/p>\n\n\n\n<p>Adem\u00e1s, en los consultorios de calle Ituzaing\u00f3 donde funcionaban los Consultorios Amarillos, se reestructurar\u00e1 el Servicio de Salud Mental para brindar una mejor atenci\u00f3n a los pacientes, la atenci\u00f3n ser\u00e1 de lunes a viernes de 7 a 20 hs. Tambi\u00e9n comenzar\u00e1 a funcionar en los consultorios de calle Ituzaing\u00f3, el Servicio de Kinesiolog\u00eda del Hospital.<\/p>\n\n\n\n<p>La Subsecretaria de Salud Lorena Elgoyhen anticip\u00f3 que desde el equipo se viene trabajando en la reformulaci\u00f3n del sistema de turnos y en la organizaci\u00f3n de los consultorios de m\u00e9dicos y especialistas y la realizaci\u00f3n de las pr\u00e1cticas que ofrece el Hospital. Para tal fin se pondr\u00e1 en marcha en breve una aplicaci\u00f3n digital que ofrecer\u00e1 la posibilidad de reservar turnos y realizar tr\u00e1mites de manera m\u00e1s \u00e1gil.<\/p>\n\n\n\n<p>La alta demanda que debe atender el Hospital P\u00fablico potenciada por la derivaci\u00f3n de la c\u00e1pita de adultos mayores y la existencia de s\u00f3lo un efector privado con internaci\u00f3n y uno m\u00e1s con consultorios y pr\u00e1cticas ambulatorias, configura un panorama que viene siendo abordado desde el equipo.<\/p>\n\n\n\n<p>Si bien el sistema se est\u00e1 terminando de ajustar a las necesidades del Hospital para ser anunciado a mediados del mes de abril, a partir del lunes 21 de marzo, en el horario de 12 a 14 se podr\u00e1 sacar turno de forma presencial con DNI de la persona que necesite el turno y un n\u00famero de tel\u00e9fono de contacto. Ante la posibilidad de que no haya m\u00e1s turnos para la especialidad o los m\u00e9dicos que quieran ver los pacientes, en el horario de 10 a 12 se podr\u00e1n sacar turnos para los d\u00edas siguientes.<\/p>\n\n\n\n<p>En caso de los enfermos cr\u00f3nicos que necesiten turnos para solicitar recetas, a trav\u00e9s de admisi\u00f3n podr\u00e1n manifestar la necesidad de la solicitud de turno para receta, facilitando la informaci\u00f3n necesaria podr\u00e1 retirar la medicaci\u00f3n a las 48 hs.<\/p>\n\n\n\n<p>Finalmente se comunic\u00f3 la implementaci\u00f3n del M\u00e9dico Orientador que recibir\u00e1 la demanda espontanea que se suele recibir por guardia, realizar\u00e1 recetas y orientar\u00e1 respecto de que especialidad corresponde tomar un turno y asign\u00e1ndolo de forma autom\u00e1tica.<\/p>\n","protected":false},"excerpt":{"rendered":"<p>El Secretario de Salud Dr. Pablo Pichioni, la Subsecretaria Lorena Elgoyhen y el Director de Atenci\u00f3n Primaria de la Salud Dr. Gabriel Sayago brindaron esta ma\u00f1ana una conferencia de prensa en las oficinas del \u00e1rea para compartir informaci\u00f3n relacionada con la reestructuraci\u00f3n que se propone para la atenci\u00f3n de la salud p\u00fablica en los diferentes [&hellip;]<\/p>\n","protected":false},"author":4,"featured_media":105158,"comment_status":"closed","ping_status":"closed","sticky":false,"template":"","format":"standard","meta":{"om_disable_all_campaigns":false,"_jetpack_memberships_contains_paid_content":false,"footnotes":""},"categories":[50,101,2],"tags":[197,696,33,19],"class_list":["post-105157","post","type-post","status-publish","format-standard","has-post-thumbnail","hentry","category-destacadas","category-interes-general-locales","category-locales","tag-buenos-aires","tag-interes-general","tag-locales","tag-san-pedro"],"aioseo_notices":[],"gutentor_comment":0,"jetpack_featured_media_url":"https:\/\/eldiariodesanpedro.com.ar\/sitio\/wp-content\/uploads\/2022\/03\/Hospital-frente-2018.jpg","jetpack_shortlink":"https:\/\/wp.me\/p6RhLt-rm5","jetpack_sharing_enabled":true,"_links":{"self":[{"href":"https:\/\/eldiariodesanpedro.com.ar\/sitio\/wp-json\/wp\/v2\/posts\/105157","targetHints":{"allow":["GET"]}}],"collection":[{"href":"https:\/\/eldiariodesanpedro.com.ar\/sitio\/wp-json\/wp\/v2\/posts"}],"about":[{"href":"https:\/\/eldiariodesanpedro.com.ar\/sitio\/wp-json\/wp\/v2\/types\/post"}],"author":[{"embeddable":true,"href":"https:\/\/eldiariodesanpedro.com.ar\/sitio\/wp-json\/wp\/v2\/users\/4"}],"replies":[{"embeddable":true,"href":"https:\/\/eldiariodesanpedro.com.ar\/sitio\/wp-json\/wp\/v2\/comments?post=105157"}],"version-history":[{"count":1,"href":"https:\/\/eldiariodesanpedro.com.ar\/sitio\/wp-json\/wp\/v2\/posts\/105157\/revisions"}],"predecessor-version":[{"id":105159,"href":"https:\/\/eldiariodesanpedro.com.ar\/sitio\/wp-json\/wp\/v2\/posts\/105157\/revisions\/105159"}],"wp:featuredmedia":[{"embeddable":true,"href":"https:\/\/eldiariodesanpedro.com.ar\/sitio\/wp-json\/wp\/v2\/media\/105158"}],"wp:attachment":[{"href":"https:\/\/eldiariodesanpedro.com.ar\/sitio\/wp-json\/wp\/v2\/media?parent=105157"}],"wp:term":[{"taxonomy":"category","embeddable":true,"href":"https:\/\/eldiariodesanpedro.com.ar\/sitio\/wp-json\/wp\/v2\/categories?post=105157"},{"taxonomy":"post_tag","embeddable":true,"href":"https:\/\/eldiariodesanpedro.com.ar\/sitio\/wp-json\/wp\/v2\/tags?post=105157"}],"curies":[{"name":"wp","href":"https:\/\/api.w.org\/{rel}","templated":true}]}}