{"id":105152,"date":"2022-03-18T13:47:16","date_gmt":"2022-03-18T16:47:16","guid":{"rendered":"https:\/\/eldiariodesanpedro.com.ar\/sitio\/?p=105152"},"modified":"2022-03-18T13:47:17","modified_gmt":"2022-03-18T16:47:17","slug":"milei-estuvo-esta-manana-en-la-sociedad-rural-en-apoyo-al-campo","status":"publish","type":"post","link":"https:\/\/eldiariodesanpedro.com.ar\/sitio\/milei-estuvo-esta-manana-en-la-sociedad-rural-en-apoyo-al-campo\/","title":{"rendered":"Milei estuvo esta ma\u00f1ana en la Sociedad Rural en apoyo al campo"},"content":{"rendered":"<!-- VideographyWP Plugin Message: Automatic video embedding prevented by plugin options. -->\n\n<p>Este viernes la Sociedad Rural de San Pedro realiz\u00f3 una convocatoria para repudiar las nuevas medidas del gobierno nacional con el aumento de las retenciones y estuvo presente Javier Milei junto a Patricia Vasquez ambos diputados nacionales.<\/p>\n\n\n\n<p>El diputado nacional por la ciudad de Buenos Aires lleg\u00f3 este viernes al predio de ruta 191 donde se desarrolla la asamblea convocada por la Sociedad Rural y que nuclea a productores rurales de toda la regi\u00f3n. \u00abYo adelant\u00e9 en Expoagro que iban a ir sobre el campo\u00bb, dijo.<\/p>\n\n\n\n<p>Uno de los dirigentes pol\u00edticos de la oposici\u00f3n que estuvo presente fue el diputado nacional por la ciudad de Buenos Aires, Javier Milei, quien ofici\u00f3 un discurso ante los presentes, relacionado con la situaci\u00f3n en debate.<\/p>\n\n\n\n<p>\u201cEn Expoagro adelant\u00e9 que iban a ir sobre el campo y le iban a cobrar retenciones\u201d dijo Milei y les se\u00f1al\u00f3 a los productores: \u201cSe est\u00e1n bancando una presi\u00f3n fiscal del 60 por ciento, quiere decir que el Estado se lleva la mayor\u00eda\u201d.<\/p>\n\n\n\n<figure class=\"wp-block-image size-full\"><img decoding=\"async\" width=\"840\" height=\"630\" data-attachment-id=\"105155\" data-permalink=\"https:\/\/eldiariodesanpedro.com.ar\/sitio\/milei-estuvo-esta-manana-en-la-sociedad-rural-en-apoyo-al-campo\/whatsapp-image-2022-03-18-at-1-35-00-pm\/\" data-orig-file=\"https:\/\/eldiariodesanpedro.com.ar\/sitio\/wp-content\/uploads\/2022\/03\/WhatsApp-Image-2022-03-18-at-1.35.00-PM.jpeg\" data-orig-size=\"840,630\" data-comments-opened=\"0\" data-image-meta=\"{&quot;aperture&quot;:&quot;0&quot;,&quot;credit&quot;:&quot;&quot;,&quot;camera&quot;:&quot;&quot;,&quot;caption&quot;:&quot;&quot;,&quot;created_timestamp&quot;:&quot;0&quot;,&quot;copyright&quot;:&quot;&quot;,&quot;focal_length&quot;:&quot;0&quot;,&quot;iso&quot;:&quot;0&quot;,&quot;shutter_speed&quot;:&quot;0&quot;,&quot;title&quot;:&quot;&quot;,&quot;orientation&quot;:&quot;0&quot;}\" data-image-title=\"WhatsApp Image 2022-03-18 at 1.35.00 PM\" data-image-description=\"\" data-image-caption=\"\" data-large-file=\"https:\/\/eldiariodesanpedro.com.ar\/sitio\/wp-content\/uploads\/2022\/03\/WhatsApp-Image-2022-03-18-at-1.35.00-PM.jpeg\" data-src=\"https:\/\/eldiariodesanpedro.com.ar\/sitio\/wp-content\/uploads\/2022\/03\/WhatsApp-Image-2022-03-18-at-1.35.00-PM.jpeg\" alt=\"\" class=\"wp-image-105155 lazyload\" data-srcset=\"https:\/\/eldiariodesanpedro.com.ar\/sitio\/wp-content\/uploads\/2022\/03\/WhatsApp-Image-2022-03-18-at-1.35.00-PM.jpeg 840w, https:\/\/eldiariodesanpedro.com.ar\/sitio\/wp-content\/uploads\/2022\/03\/WhatsApp-Image-2022-03-18-at-1.35.00-PM-300x225.jpeg 300w, https:\/\/eldiariodesanpedro.com.ar\/sitio\/wp-content\/uploads\/2022\/03\/WhatsApp-Image-2022-03-18-at-1.35.00-PM-768x576.jpeg 768w\" data-sizes=\"(max-width: 840px) 100vw, 840px\" src=\"data:image\/svg+xml;base64,PHN2ZyB3aWR0aD0iMSIgaGVpZ2h0PSIxIiB4bWxucz0iaHR0cDovL3d3dy53My5vcmcvMjAwMC9zdmciPjwvc3ZnPg==\" style=\"--smush-placeholder-width: 840px; --smush-placeholder-aspect-ratio: 840\/630;\" \/><\/figure>\n\n\n\n<figure class=\"wp-block-image size-full\"><img decoding=\"async\" width=\"840\" height=\"630\" data-attachment-id=\"105154\" data-permalink=\"https:\/\/eldiariodesanpedro.com.ar\/sitio\/milei-estuvo-esta-manana-en-la-sociedad-rural-en-apoyo-al-campo\/whatsapp-image-2022-03-18-at-1-34-42-pm\/\" data-orig-file=\"https:\/\/eldiariodesanpedro.com.ar\/sitio\/wp-content\/uploads\/2022\/03\/WhatsApp-Image-2022-03-18-at-1.34.42-PM.jpeg\" data-orig-size=\"840,630\" data-comments-opened=\"0\" data-image-meta=\"{&quot;aperture&quot;:&quot;0&quot;,&quot;credit&quot;:&quot;&quot;,&quot;camera&quot;:&quot;&quot;,&quot;caption&quot;:&quot;&quot;,&quot;created_timestamp&quot;:&quot;0&quot;,&quot;copyright&quot;:&quot;&quot;,&quot;focal_length&quot;:&quot;0&quot;,&quot;iso&quot;:&quot;0&quot;,&quot;shutter_speed&quot;:&quot;0&quot;,&quot;title&quot;:&quot;&quot;,&quot;orientation&quot;:&quot;0&quot;}\" data-image-title=\"WhatsApp Image 2022-03-18 at 1.34.42 PM\" data-image-description=\"\" data-image-caption=\"\" data-large-file=\"https:\/\/eldiariodesanpedro.com.ar\/sitio\/wp-content\/uploads\/2022\/03\/WhatsApp-Image-2022-03-18-at-1.34.42-PM.jpeg\" data-src=\"https:\/\/eldiariodesanpedro.com.ar\/sitio\/wp-content\/uploads\/2022\/03\/WhatsApp-Image-2022-03-18-at-1.34.42-PM.jpeg\" alt=\"\" class=\"wp-image-105154 lazyload\" data-srcset=\"https:\/\/eldiariodesanpedro.com.ar\/sitio\/wp-content\/uploads\/2022\/03\/WhatsApp-Image-2022-03-18-at-1.34.42-PM.jpeg 840w, https:\/\/eldiariodesanpedro.com.ar\/sitio\/wp-content\/uploads\/2022\/03\/WhatsApp-Image-2022-03-18-at-1.34.42-PM-300x225.jpeg 300w, https:\/\/eldiariodesanpedro.com.ar\/sitio\/wp-content\/uploads\/2022\/03\/WhatsApp-Image-2022-03-18-at-1.34.42-PM-768x576.jpeg 768w\" data-sizes=\"(max-width: 840px) 100vw, 840px\" src=\"data:image\/svg+xml;base64,PHN2ZyB3aWR0aD0iMSIgaGVpZ2h0PSIxIiB4bWxucz0iaHR0cDovL3d3dy53My5vcmcvMjAwMC9zdmciPjwvc3ZnPg==\" style=\"--smush-placeholder-width: 840px; --smush-placeholder-aspect-ratio: 840\/630;\" \/><\/figure>\n","protected":false},"excerpt":{"rendered":"<p>Este viernes la Sociedad Rural de San Pedro realiz\u00f3 una convocatoria para repudiar las nuevas medidas del gobierno nacional con el aumento de las retenciones y estuvo presente Javier Milei junto a Patricia Vasquez ambos diputados nacionales. El diputado nacional por la ciudad de Buenos Aires lleg\u00f3 este viernes al predio de ruta 191 donde [&hellip;]<\/p>\n","protected":false},"author":4,"featured_media":105153,"comment_status":"closed","ping_status":"closed","sticky":false,"template":"","format":"standard","meta":{"om_disable_all_campaigns":false,"_jetpack_memberships_contains_paid_content":false,"footnotes":""},"categories":[50,101,2],"tags":[197,696,33,19],"class_list":["post-105152","post","type-post","status-publish","format-standard","has-post-thumbnail","hentry","category-destacadas","category-interes-general-locales","category-locales","tag-buenos-aires","tag-interes-general","tag-locales","tag-san-pedro"],"aioseo_notices":[],"gutentor_comment":0,"jetpack_featured_media_url":"https:\/\/eldiariodesanpedro.com.ar\/sitio\/wp-content\/uploads\/2022\/03\/WhatsApp-Image-2022-03-18-at-1.34.00-PM.jpeg","jetpack_shortlink":"https:\/\/wp.me\/p6RhLt-rm0","jetpack_sharing_enabled":true,"_links":{"self":[{"href":"https:\/\/eldiariodesanpedro.com.ar\/sitio\/wp-json\/wp\/v2\/posts\/105152","targetHints":{"allow":["GET"]}}],"collection":[{"href":"https:\/\/eldiariodesanpedro.com.ar\/sitio\/wp-json\/wp\/v2\/posts"}],"about":[{"href":"https:\/\/eldiariodesanpedro.com.ar\/sitio\/wp-json\/wp\/v2\/types\/post"}],"author":[{"embeddable":true,"href":"https:\/\/eldiariodesanpedro.com.ar\/sitio\/wp-json\/wp\/v2\/users\/4"}],"replies":[{"embeddable":true,"href":"https:\/\/eldiariodesanpedro.com.ar\/sitio\/wp-json\/wp\/v2\/comments?post=105152"}],"version-history":[{"count":1,"href":"https:\/\/eldiariodesanpedro.com.ar\/sitio\/wp-json\/wp\/v2\/posts\/105152\/revisions"}],"predecessor-version":[{"id":105156,"href":"https:\/\/eldiariodesanpedro.com.ar\/sitio\/wp-json\/wp\/v2\/posts\/105152\/revisions\/105156"}],"wp:featuredmedia":[{"embeddable":true,"href":"https:\/\/eldiariodesanpedro.com.ar\/sitio\/wp-json\/wp\/v2\/media\/105153"}],"wp:attachment":[{"href":"https:\/\/eldiariodesanpedro.com.ar\/sitio\/wp-json\/wp\/v2\/media?parent=105152"}],"wp:term":[{"taxonomy":"category","embeddable":true,"href":"https:\/\/eldiariodesanpedro.com.ar\/sitio\/wp-json\/wp\/v2\/categories?post=105152"},{"taxonomy":"post_tag","embeddable":true,"href":"https:\/\/eldiariodesanpedro.com.ar\/sitio\/wp-json\/wp\/v2\/tags?post=105152"}],"curies":[{"name":"wp","href":"https:\/\/api.w.org\/{rel}","templated":true}]}}