{"id":10515,"date":"2016-11-21T20:01:45","date_gmt":"2016-11-21T23:01:45","guid":{"rendered":"https:\/\/eldiariodesanpedro.com.ar\/sitio\/?p=10515"},"modified":"2026-01-24T00:32:22","modified_gmt":"2026-01-24T03:32:22","slug":"ciclismo-basualdo-tambien-gana-en-san-pedro","status":"publish","type":"post","link":"https:\/\/eldiariodesanpedro.com.ar\/sitio\/ciclismo-basualdo-tambien-gana-en-san-pedro\/","title":{"rendered":"CICLISMO: Basualdo tambi\u00e9n gana en San Pedro"},"content":{"rendered":"<p><!-- VideographyWP Plugin Message: Automatic video embedding prevented by plugin options. --><br \/>\nCristian Basualdo, confirm\u00f3 el porqu\u00e9 de su titularidad en la ol\u00edmpica y el subcampeonato de velocidad, consagraci\u00f3n obtenida el fin de semana anterior en Mar del Plata. Este domingo, \u00abD\u00eda de la Soberan\u00eda Nacional\u00bb en el Circuito Panor\u00e1mico del Oeste, programaci\u00f3n organizada por Pro Ciclismo San Pedro, en la competencia de fondo, result\u00f3 ganador en embalaje masivo luego de 75\u2019 de carrera, seguido muy de cerca por Just\u00edn Joach\u00edn y Carlos Giuliani.<\/p>\n<p>Espect\u00e1culo de los mejores, con protagonistas de gran nivel en todos los pelotones que rodaron, entreg\u00e1ndose plenamente al p\u00fablico que en cantidad se lleg\u00f3 hasta el predio de la entidad madre del pedal de San Pedro.<\/p>\n<p>Todos los resultados registrado son los detallados a continuaci\u00f3n:<\/p>\n<p><strong>VALIENTES<\/strong><br \/>\n1\u00b0 H\u00e9ctor \u00abChiquito\u00bb Dallochio<br \/>\n2\u00b0 Oscar Berventan<\/p>\n<p><strong>PE\u00d1A CICLISTAS SAMPEDRINOS<\/strong><br \/>\n1\u00b0 Claudio Rodr\u00edguez<br \/>\n2\u00b0 Mauricio Beretta<br \/>\n3\u00b0 Daniel Chipolini<br \/>\n4\u00b0 Ra\u00fal Canabal<br \/>\n5\u00b0 Gabriel Melgar<\/p>\n<p><strong>MASTER \u00abD\u00bb<\/strong><br \/>\n1\u00b0 Jos\u00e9 Eduardo Hepp (San Pedro)<br \/>\n2\u00b0 Rub\u00e9n Morales (San Pedro)<br \/>\n3\u00b0 Juan Carlos Ariza (Arrecifes)<br \/>\n4\u00b0 Oscar \u00abColita\u00bb Vidal (Arrecifes)<br \/>\n5\u00b0 Angel Managua (Capilla del Se\u00f1or)<\/p>\n<p><strong>INFANTILES<\/strong><br \/>\nParticiparon: Gor\u00e1n Dundic (Salto) &#8211; Fantino Giuliani (San Pedro).<\/p>\n<p><strong>AFICIONADO MENORES de 45<\/strong><br \/>\n1\u00b0 Jos\u00e9 Espindola (San Pedro)<br \/>\n2\u00b0 Facundo Arpia (San Pedro)<br \/>\n3\u00b0 Carlos Braendt (San Pedro)<br \/>\n4\u00b0 Ariel Gauna (San Pedro)<br \/>\n5\u00b0 Eugenio Garc\u00eda (Santa Luc\u00eda)<\/p>\n<p><strong>MASTER C y AFICIONADOS MAYORES DE 45<\/strong><br \/>\n1\u00b0 Sergio Ayastuy (Salto)<br \/>\n2\u00b0 Miguel Machi (Capit\u00e1n Sarmiento)<br \/>\n3\u00b0 Jos\u00e9 Luis Pereyra (San Pedro)<br \/>\n4\u00b0 Cesar Gim\u00e9nez (Pergamino)<br \/>\n5\u00b0 Luis Olivi (Z\u00e1rate)<br \/>\nGanadores Sprint especiales: Gustavo Arpia &#8211; Norman Isola (Capit\u00e1n Sarmiento) &#8211; Cesar Gim\u00e9nez (capit\u00e1n Sarmiento).-<\/p>\n<p><strong>MASTER B<\/strong><br \/>\n1\u00b0 Fernando \u00abPalomo\u00bb Corval\u00e1n (San Pedro)<br \/>\n2\u00b0 Gustavo Colombo (Campana)<br \/>\n3\u00b0 Marcos P\u00e9rez (Salto)<\/p>\n<p><strong>PROMO Y MASTER A<\/strong><br \/>\n1\u00b0 Cristian Basualdo (San Pedro)<br \/>\n2\u00b0 Justin Joachin (La Luisa)<br \/>\n3\u00b0 Carlos Giuliani (San Pedro)<br \/>\n4\u00b0 Mariano Manzo (San Pedro)<br \/>\n5\u00b0 Juan Pablo Villarruel (San Pedro)<br \/>\n6\u00b0 Jos\u00e9 Eduardo Villarruel (San Pedro)<\/p>\n<p>Ganadores sprint especiales: Justin Joach\u00edn (La Luisa) &#8211; Camilo Mondinali (San Pedro) &#8211; Jos\u00e9 Villarruel (San Pedro) &#8211; Cristian Basualdo (San Pedro) &#8211; Carlos Giuliani (San Pedro) &#8211; Santiago Carpio (Arrecifes) &#8211; Lucas Apia.<\/p>\n","protected":false},"excerpt":{"rendered":"<p>Cristian Basualdo, confirm\u00f3 el porqu\u00e9 de su titularidad en la ol\u00edmpica y el subcampeonato de velocidad, consagraci\u00f3n obtenida el fin de semana anterior en Mar del Plata. Este domingo, \u00abD\u00eda de la Soberan\u00eda Nacional\u00bb en el Circuito Panor\u00e1mico del Oeste, programaci\u00f3n organizada por Pro Ciclismo San Pedro, en la competencia de fondo, result\u00f3 ganador en [&hellip;]<\/p>\n","protected":false},"author":4,"featured_media":5396,"comment_status":"open","ping_status":"closed","sticky":false,"template":"","format":"standard","meta":{"om_disable_all_campaigns":false,"_jetpack_memberships_contains_paid_content":false,"footnotes":""},"categories":[5],"tags":[],"class_list":["post-10515","post","type-post","status-publish","format-standard","has-post-thumbnail","hentry","category-deportes"],"aioseo_notices":[],"gutentor_comment":0,"jetpack_featured_media_url":"https:\/\/eldiariodesanpedro.com.ar\/sitio\/wp-content\/uploads\/2016\/06\/DSCN7803-Cristian-Basualdo-11-Copiar.jpg","jetpack_shortlink":"https:\/\/wp.me\/p6RhLt-2JB","jetpack_sharing_enabled":true,"_links":{"self":[{"href":"https:\/\/eldiariodesanpedro.com.ar\/sitio\/wp-json\/wp\/v2\/posts\/10515","targetHints":{"allow":["GET"]}}],"collection":[{"href":"https:\/\/eldiariodesanpedro.com.ar\/sitio\/wp-json\/wp\/v2\/posts"}],"about":[{"href":"https:\/\/eldiariodesanpedro.com.ar\/sitio\/wp-json\/wp\/v2\/types\/post"}],"author":[{"embeddable":true,"href":"https:\/\/eldiariodesanpedro.com.ar\/sitio\/wp-json\/wp\/v2\/users\/4"}],"replies":[{"embeddable":true,"href":"https:\/\/eldiariodesanpedro.com.ar\/sitio\/wp-json\/wp\/v2\/comments?post=10515"}],"version-history":[{"count":3,"href":"https:\/\/eldiariodesanpedro.com.ar\/sitio\/wp-json\/wp\/v2\/posts\/10515\/revisions"}],"predecessor-version":[{"id":10518,"href":"https:\/\/eldiariodesanpedro.com.ar\/sitio\/wp-json\/wp\/v2\/posts\/10515\/revisions\/10518"}],"wp:featuredmedia":[{"embeddable":true,"href":"https:\/\/eldiariodesanpedro.com.ar\/sitio\/wp-json\/wp\/v2\/media\/5396"}],"wp:attachment":[{"href":"https:\/\/eldiariodesanpedro.com.ar\/sitio\/wp-json\/wp\/v2\/media?parent=10515"}],"wp:term":[{"taxonomy":"category","embeddable":true,"href":"https:\/\/eldiariodesanpedro.com.ar\/sitio\/wp-json\/wp\/v2\/categories?post=10515"},{"taxonomy":"post_tag","embeddable":true,"href":"https:\/\/eldiariodesanpedro.com.ar\/sitio\/wp-json\/wp\/v2\/tags?post=10515"}],"curies":[{"name":"wp","href":"https:\/\/api.w.org\/{rel}","templated":true}]}}