{"id":105148,"date":"2022-03-18T12:20:43","date_gmt":"2022-03-18T15:20:43","guid":{"rendered":"https:\/\/eldiariodesanpedro.com.ar\/sitio\/?p=105148"},"modified":"2022-03-18T12:20:43","modified_gmt":"2022-03-18T15:20:43","slug":"el-ips-simplifica-el-inicio-de-tramites-en-los-centros-de-atencion","status":"publish","type":"post","link":"https:\/\/eldiariodesanpedro.com.ar\/sitio\/el-ips-simplifica-el-inicio-de-tramites-en-los-centros-de-atencion\/","title":{"rendered":"El IPS simplifica el inicio de tr\u00e1mites en los centros de atenci\u00f3n"},"content":{"rendered":"<!-- VideographyWP Plugin Message: Automatic video embedding prevented by plugin options. -->\n\n<p>A partir de este jueves el Instituto de Previsi\u00f3n Social (IPS) ampli\u00f3 la atenci\u00f3n al p\u00fablico, simplificando la modalidad de inicio de tr\u00e1mites en sus 91 Centros de Atenci\u00f3n Previsional del interior de la provincia, incluido el de nuestra ciudad.<\/p>\n\n\n\n<p>La nueva modalidad, que facilita el procedimiento de inicio de tr\u00e1mites previsionales, se dispuso por una reciente resoluci\u00f3n firmada por la presidenta del organismo, Marina Moretti. La misma, dispone que las y los trabajadores de la provincia, as\u00ed como las personas jubiladas y pensionadas del IPS, puedan optar por iniciar sus tr\u00e1mites ante el IPS de manera presencial o en forma virtual.<\/p>\n\n\n\n<p>Por la pandemia, el organismo implement\u00f3 un sistema virtual para el inicio de tr\u00e1mites. Al que se le han introducido mejoras, de modo tal que pueda seguir en vigencia para quienes opten por esta v\u00eda.<\/p>\n\n\n\n<p>Ahora, el IPS permitir\u00e1 tambi\u00e9n que las personas puedan solicitar un turno para presentar su documentaci\u00f3n directamente en un centro de atenci\u00f3n sin la necesidad de iniciar el tr\u00e1mite en la web. De esta manera, se simplifica el ingreso realizando la digitalizaci\u00f3n en la misma sede del organismo.<\/p>\n\n\n\n<p>As\u00ed, el Instituto brinda la posibilidad de elegir la manera de iniciar cualquiera de sus tr\u00e1mites, garantizando la atenci\u00f3n plena con herramientas que facilitan el acceso a los derechos previsionales.<\/p>\n\n\n\n<p>El sistema de turnos est\u00e1 habilitado a trav\u00e9s de la web oficial del IPS: <a href=\"https:\/\/turnos.ips.gba.gob.ar\/\">https:\/\/turnos.ips.gba.gob.ar\/<\/a><\/p>\n","protected":false},"excerpt":{"rendered":"<p>A partir de este jueves el Instituto de Previsi\u00f3n Social (IPS) ampli\u00f3 la atenci\u00f3n al p\u00fablico, simplificando la modalidad de inicio de tr\u00e1mites en sus 91 Centros de Atenci\u00f3n Previsional del interior de la provincia, incluido el de nuestra ciudad. La nueva modalidad, que facilita el procedimiento de inicio de tr\u00e1mites previsionales, se dispuso por [&hellip;]<\/p>\n","protected":false},"author":4,"featured_media":105150,"comment_status":"closed","ping_status":"closed","sticky":false,"template":"","format":"standard","meta":{"om_disable_all_campaigns":false,"_jetpack_memberships_contains_paid_content":false,"footnotes":""},"categories":[50,101,2],"tags":[197,2781,696,33,19],"class_list":["post-105148","post","type-post","status-publish","format-standard","has-post-thumbnail","hentry","category-destacadas","category-interes-general-locales","category-locales","tag-buenos-aires","tag-el-ips-simplifica-el-inicio-de-tramites-en-los-centros-de-atencion","tag-interes-general","tag-locales","tag-san-pedro"],"aioseo_notices":[],"gutentor_comment":0,"jetpack_featured_media_url":"https:\/\/eldiariodesanpedro.com.ar\/sitio\/wp-content\/uploads\/2022\/03\/bbx_468615098_1_IPS.jpg","jetpack_shortlink":"https:\/\/wp.me\/p6RhLt-rlW","jetpack_sharing_enabled":true,"_links":{"self":[{"href":"https:\/\/eldiariodesanpedro.com.ar\/sitio\/wp-json\/wp\/v2\/posts\/105148","targetHints":{"allow":["GET"]}}],"collection":[{"href":"https:\/\/eldiariodesanpedro.com.ar\/sitio\/wp-json\/wp\/v2\/posts"}],"about":[{"href":"https:\/\/eldiariodesanpedro.com.ar\/sitio\/wp-json\/wp\/v2\/types\/post"}],"author":[{"embeddable":true,"href":"https:\/\/eldiariodesanpedro.com.ar\/sitio\/wp-json\/wp\/v2\/users\/4"}],"replies":[{"embeddable":true,"href":"https:\/\/eldiariodesanpedro.com.ar\/sitio\/wp-json\/wp\/v2\/comments?post=105148"}],"version-history":[{"count":1,"href":"https:\/\/eldiariodesanpedro.com.ar\/sitio\/wp-json\/wp\/v2\/posts\/105148\/revisions"}],"predecessor-version":[{"id":105151,"href":"https:\/\/eldiariodesanpedro.com.ar\/sitio\/wp-json\/wp\/v2\/posts\/105148\/revisions\/105151"}],"wp:featuredmedia":[{"embeddable":true,"href":"https:\/\/eldiariodesanpedro.com.ar\/sitio\/wp-json\/wp\/v2\/media\/105150"}],"wp:attachment":[{"href":"https:\/\/eldiariodesanpedro.com.ar\/sitio\/wp-json\/wp\/v2\/media?parent=105148"}],"wp:term":[{"taxonomy":"category","embeddable":true,"href":"https:\/\/eldiariodesanpedro.com.ar\/sitio\/wp-json\/wp\/v2\/categories?post=105148"},{"taxonomy":"post_tag","embeddable":true,"href":"https:\/\/eldiariodesanpedro.com.ar\/sitio\/wp-json\/wp\/v2\/tags?post=105148"}],"curies":[{"name":"wp","href":"https:\/\/api.w.org\/{rel}","templated":true}]}}