{"id":105145,"date":"2022-03-18T12:12:16","date_gmt":"2022-03-18T15:12:16","guid":{"rendered":"https:\/\/eldiariodesanpedro.com.ar\/sitio\/?p=105145"},"modified":"2022-03-18T12:12:17","modified_gmt":"2022-03-18T15:12:17","slug":"secuestraron-la-camioneta-de-mangacho-campodonico-por-que-podria-ser-utilizada-en-los-hechos-delictivos","status":"publish","type":"post","link":"https:\/\/eldiariodesanpedro.com.ar\/sitio\/secuestraron-la-camioneta-de-mangacho-campodonico-por-que-podria-ser-utilizada-en-los-hechos-delictivos\/","title":{"rendered":"Secuestraron la camioneta de Mangacho Campodonico por que podr\u00eda ser utilizada en los hechos delictivos"},"content":{"rendered":"<!-- VideographyWP Plugin Message: Automatic video embedding prevented by plugin options. -->\n\n<p>El rodado pertenece a Sergio \u00abMangacho\u00bb Campod\u00f3nico, quien se encuentra detenido por haber participado de varios hechos delictivos. El veh\u00edculo secuestrado fue registrado el d\u00eda del hecho cuando se llevaba de tiro dos acoplados robados.<\/p>\n\n\n\n<p>Por medio de un operativo encabezado por el personal de la DDI San Pedro- Baradero se logr\u00f3 secuestrar una camioneta que hab\u00eda participado de un robo cometido en octubre del a\u00f1o pasado.<\/p>\n\n\n\n<p>La camioneta pertenece a Sergio \u00abMangacho\u00bb Campod\u00f3nico, quien se encuentra cumpliendo una medida de arresto domiciliario por otros hechos en los que estuvo involucrados.<\/p>\n\n\n\n<p>Informe oficial<\/p>\n\n\n\n<p>Personal de la SUB DDI BARADERO \u2013 SAN PEDRO, en relaci\u00f3n a la Investigaci\u00f3n Penal Preparatoria caratulada \u00abROBO \u00ab, que tiene origen en denuncia radicada fecha 19\/10\/2021 en sede de la E.P.C. San Pedro por ciudadano de \u00e8sta localidad,&nbsp;quien refiriera que horas de la madrugada misma fecha&nbsp;en&nbsp;propiedad&nbsp;de zona rural de esta ciudad, ignorados&nbsp;ingresan al predio y sustraen&nbsp;dos acoplados de campo, barandas volcables, medidas de 4 metros por 2 metros cada uno. Habiendo tomado oportuna intervenci\u00f3n personal referencia, realizadas que fueran amplias tareas de investigaci\u00f3n logra determinar mediante an\u00e1lisis de c\u00e1maras de seguridad cercanas al sitio del hecho el paso de los dos carros sustra\u00eddos, tirados por una camioneta marca Toyota Hilux de color gris, la que posteriormente como resultado de labores de campo se logra certificar se trata de rodado propiedad de reconocido delincuente local con frondosos antecedentes penales.- Puesta en manos de autoridades judiciales intervinientes la informaci\u00f3n obtenida, a la vez que se solicita medida de allanamiento para con el domicilio del nombrado para lograr el secuestro del rodado empleado. Medida solicita es extendida a esta Dependencia el d\u00eda de la fecha, y ejecutada por mismo personal Grupos Operativos a partir de las 16:30 horas, obteni\u00e9ndose el secuestro de camioneta marca Toyota Hilux color gris la cual se utilizara para comer el il\u00edcito, quedando la misma a disposici\u00f3n de los magistrados intervinientes.-<\/p>\n","protected":false},"excerpt":{"rendered":"<p>El rodado pertenece a Sergio \u00abMangacho\u00bb Campod\u00f3nico, quien se encuentra detenido por haber participado de varios hechos delictivos. El veh\u00edculo secuestrado fue registrado el d\u00eda del hecho cuando se llevaba de tiro dos acoplados robados. Por medio de un operativo encabezado por el personal de la DDI San Pedro- Baradero se logr\u00f3 secuestrar una camioneta [&hellip;]<\/p>\n","protected":false},"author":4,"featured_media":105146,"comment_status":"closed","ping_status":"closed","sticky":false,"template":"","format":"standard","meta":{"om_disable_all_campaigns":false,"_jetpack_memberships_contains_paid_content":false,"footnotes":""},"categories":[50,101,2],"tags":[197,696,33,95,19],"class_list":["post-105145","post","type-post","status-publish","format-standard","has-post-thumbnail","hentry","category-destacadas","category-interes-general-locales","category-locales","tag-buenos-aires","tag-interes-general","tag-locales","tag-policiales","tag-san-pedro"],"aioseo_notices":[],"gutentor_comment":0,"jetpack_featured_media_url":"https:\/\/eldiariodesanpedro.com.ar\/sitio\/wp-content\/uploads\/2022\/03\/0000020755-resized-1920x1080-1.jpg","jetpack_shortlink":"https:\/\/wp.me\/p6RhLt-rlT","jetpack_sharing_enabled":true,"_links":{"self":[{"href":"https:\/\/eldiariodesanpedro.com.ar\/sitio\/wp-json\/wp\/v2\/posts\/105145","targetHints":{"allow":["GET"]}}],"collection":[{"href":"https:\/\/eldiariodesanpedro.com.ar\/sitio\/wp-json\/wp\/v2\/posts"}],"about":[{"href":"https:\/\/eldiariodesanpedro.com.ar\/sitio\/wp-json\/wp\/v2\/types\/post"}],"author":[{"embeddable":true,"href":"https:\/\/eldiariodesanpedro.com.ar\/sitio\/wp-json\/wp\/v2\/users\/4"}],"replies":[{"embeddable":true,"href":"https:\/\/eldiariodesanpedro.com.ar\/sitio\/wp-json\/wp\/v2\/comments?post=105145"}],"version-history":[{"count":1,"href":"https:\/\/eldiariodesanpedro.com.ar\/sitio\/wp-json\/wp\/v2\/posts\/105145\/revisions"}],"predecessor-version":[{"id":105147,"href":"https:\/\/eldiariodesanpedro.com.ar\/sitio\/wp-json\/wp\/v2\/posts\/105145\/revisions\/105147"}],"wp:featuredmedia":[{"embeddable":true,"href":"https:\/\/eldiariodesanpedro.com.ar\/sitio\/wp-json\/wp\/v2\/media\/105146"}],"wp:attachment":[{"href":"https:\/\/eldiariodesanpedro.com.ar\/sitio\/wp-json\/wp\/v2\/media?parent=105145"}],"wp:term":[{"taxonomy":"category","embeddable":true,"href":"https:\/\/eldiariodesanpedro.com.ar\/sitio\/wp-json\/wp\/v2\/categories?post=105145"},{"taxonomy":"post_tag","embeddable":true,"href":"https:\/\/eldiariodesanpedro.com.ar\/sitio\/wp-json\/wp\/v2\/tags?post=105145"}],"curies":[{"name":"wp","href":"https:\/\/api.w.org\/{rel}","templated":true}]}}