{"id":105134,"date":"2022-03-17T19:34:33","date_gmt":"2022-03-17T22:34:33","guid":{"rendered":"https:\/\/eldiariodesanpedro.com.ar\/sitio\/?p=105134"},"modified":"2022-03-17T19:34:33","modified_gmt":"2022-03-17T22:34:33","slug":"el-sindicato-y-el-ejecutivo-municipal-acordaron-4105-de-aumento-durante-el-ano","status":"publish","type":"post","link":"https:\/\/eldiariodesanpedro.com.ar\/sitio\/el-sindicato-y-el-ejecutivo-municipal-acordaron-4105-de-aumento-durante-el-ano\/","title":{"rendered":"El sindicato y el ejecutivo municipal acordaron 41,05 % de aumento durante el a\u00f1o\u00a0"},"content":{"rendered":"<!-- VideographyWP Plugin Message: Automatic video embedding prevented by plugin options. -->\n\n<p>En la tarde de este jueves, representes gremiales y el Ejecutivo Municipal, se reunieron nuevamente tras el cuatro intermedio determinada en la reuni\u00f3n del viernes pasado. Finalmente STM y UPCN aceptaron la propuesta un aumento anual del 41,05% con un clausula de revisi\u00f3n en el mes de octubre.<\/p>\n\n\n\n<p>El acta firmada por las partes, textualmente, expresa:&nbsp;<em>Se re\u00fanen en representaci\u00f3n del STM Juan Cruz Acosta, Ra\u00fal Ben\u00edtez y Marcelo Canelo, por ATE Gustavo Gauna, por UPCN Walter Belesi, y por el municipio de San Pedro: Pablo Vlaeminck, Fabi\u00e1n Rodr\u00edguez y Hernan Contreras. Abierta la Reuni\u00f3n y luego de debatir diferentes alternativas los representantes del municipio ofrecen mejorar la propuesta anterior y finalmente plantean un aumento del 10,5% al sueldo b\u00e1sico a pagar en los haberes correspondientes al mes de marzo y un 11% para el mes de junio, los cuales impactar\u00e1n en el primer aguinaldo (en un 22,65%), y un 15% en el sueldo correspondiente al mes de Octubre. Representando un aumento anual del 41,05% cuyo resultado ser\u00e1 revisado en el mes de noviembre del corriente a\u00f1o. EL STM y UPCN aceptan la propuesta y solicitan reunirse nuevamente en el mes de octubre. ATE acepta el importe acordado pero rechaza el periodo en que se dispone el incremento. El municipio toma el compromiso de reunirse nuevamente el 27 de octubre de 2022, lo cual es aceptado por los gremios.<\/em><\/p>\n","protected":false},"excerpt":{"rendered":"<p>En la tarde de este jueves, representes gremiales y el Ejecutivo Municipal, se reunieron nuevamente tras el cuatro intermedio determinada en la reuni\u00f3n del viernes pasado. Finalmente STM y UPCN aceptaron la propuesta un aumento anual del 41,05% con un clausula de revisi\u00f3n en el mes de octubre. El acta firmada por las partes, textualmente, [&hellip;]<\/p>\n","protected":false},"author":4,"featured_media":103869,"comment_status":"closed","ping_status":"closed","sticky":false,"template":"","format":"standard","meta":{"om_disable_all_campaigns":false,"_jetpack_memberships_contains_paid_content":false,"footnotes":""},"categories":[50,101,2],"tags":[197,696,33,19],"class_list":["post-105134","post","type-post","status-publish","format-standard","has-post-thumbnail","hentry","category-destacadas","category-interes-general-locales","category-locales","tag-buenos-aires","tag-interes-general","tag-locales","tag-san-pedro"],"aioseo_notices":[],"gutentor_comment":0,"jetpack_featured_media_url":"https:\/\/eldiariodesanpedro.com.ar\/sitio\/wp-content\/uploads\/2022\/02\/municipalidad.jpeg","jetpack_shortlink":"https:\/\/wp.me\/p6RhLt-rlI","jetpack_sharing_enabled":true,"_links":{"self":[{"href":"https:\/\/eldiariodesanpedro.com.ar\/sitio\/wp-json\/wp\/v2\/posts\/105134","targetHints":{"allow":["GET"]}}],"collection":[{"href":"https:\/\/eldiariodesanpedro.com.ar\/sitio\/wp-json\/wp\/v2\/posts"}],"about":[{"href":"https:\/\/eldiariodesanpedro.com.ar\/sitio\/wp-json\/wp\/v2\/types\/post"}],"author":[{"embeddable":true,"href":"https:\/\/eldiariodesanpedro.com.ar\/sitio\/wp-json\/wp\/v2\/users\/4"}],"replies":[{"embeddable":true,"href":"https:\/\/eldiariodesanpedro.com.ar\/sitio\/wp-json\/wp\/v2\/comments?post=105134"}],"version-history":[{"count":1,"href":"https:\/\/eldiariodesanpedro.com.ar\/sitio\/wp-json\/wp\/v2\/posts\/105134\/revisions"}],"predecessor-version":[{"id":105135,"href":"https:\/\/eldiariodesanpedro.com.ar\/sitio\/wp-json\/wp\/v2\/posts\/105134\/revisions\/105135"}],"wp:featuredmedia":[{"embeddable":true,"href":"https:\/\/eldiariodesanpedro.com.ar\/sitio\/wp-json\/wp\/v2\/media\/103869"}],"wp:attachment":[{"href":"https:\/\/eldiariodesanpedro.com.ar\/sitio\/wp-json\/wp\/v2\/media?parent=105134"}],"wp:term":[{"taxonomy":"category","embeddable":true,"href":"https:\/\/eldiariodesanpedro.com.ar\/sitio\/wp-json\/wp\/v2\/categories?post=105134"},{"taxonomy":"post_tag","embeddable":true,"href":"https:\/\/eldiariodesanpedro.com.ar\/sitio\/wp-json\/wp\/v2\/tags?post=105134"}],"curies":[{"name":"wp","href":"https:\/\/api.w.org\/{rel}","templated":true}]}}