{"id":105131,"date":"2022-03-17T19:12:50","date_gmt":"2022-03-17T22:12:50","guid":{"rendered":"https:\/\/eldiariodesanpedro.com.ar\/sitio\/?p=105131"},"modified":"2022-03-17T19:12:51","modified_gmt":"2022-03-17T22:12:51","slug":"el-intendente-salazar-participo-de-la-apertura-de-la-42o-jornada-notarial-bonaerense","status":"publish","type":"post","link":"https:\/\/eldiariodesanpedro.com.ar\/sitio\/el-intendente-salazar-participo-de-la-apertura-de-la-42o-jornada-notarial-bonaerense\/","title":{"rendered":"El Intendente Salazar particip\u00f3 de la apertura de la 42\u00ba Jornada Notarial Bonaerense"},"content":{"rendered":"<!-- VideographyWP Plugin Message: Automatic video embedding prevented by plugin options. -->\n\n<p>El Intendente Dr. Ram\u00f3n Salazar y el Secretario de Obras, Planeamiento y Catastro Dr. Javier Silva participaron este jueves en el Howard Johnson Marinas, de la apertura oficial de la 42\u00ba Jornada Notarial Bonaerense que se desarrolla en San Pedro, hasta el s\u00e1bado.<\/p>\n\n\n\n<p>La ceremonia de apertura estuvo a cargo del Presidente del Colegio, Diego Leandro Molina y la Presidente de la Delegaci\u00f3n San Nicol\u00e1s y la escribana sampedrina Mar\u00eda Andrea S\u00e1nchez Negrete junto a otros miembros del organismo.<\/p>\n\n\n\n<p>El Presidente del colegio agradeci\u00f3 la presencia del Intendente de San Pedro y se refiri\u00f3 a la trascendencia del encuentro para debatir y reflexionar sobre la funci\u00f3n notarial en el actual contexto.<\/p>\n\n\n\n<p>La Jornada Notarial Bonaerense cuenta en esta ocasi\u00f3n con la participaci\u00f3n de m\u00e1s de 350 escribanos y m\u00e1s de 60 trabajos presentados<\/p>\n\n\n\n<p>El Dr. Salazar destac\u00f3 la importancia del evento por su dimensi\u00f3n y los temas abordados e invit\u00f3 a los participantes a disfrutar de los diferentes atractivos de la localidad.<\/p>\n","protected":false},"excerpt":{"rendered":"<p>El Intendente Dr. Ram\u00f3n Salazar y el Secretario de Obras, Planeamiento y Catastro Dr. Javier Silva participaron este jueves en el Howard Johnson Marinas, de la apertura oficial de la 42\u00ba Jornada Notarial Bonaerense que se desarrolla en San Pedro, hasta el s\u00e1bado. La ceremonia de apertura estuvo a cargo del Presidente del Colegio, Diego [&hellip;]<\/p>\n","protected":false},"author":4,"featured_media":105132,"comment_status":"closed","ping_status":"closed","sticky":false,"template":"","format":"standard","meta":{"om_disable_all_campaigns":false,"_jetpack_memberships_contains_paid_content":false,"footnotes":""},"categories":[50,101,2],"tags":[197,696,33,19],"class_list":["post-105131","post","type-post","status-publish","format-standard","has-post-thumbnail","hentry","category-destacadas","category-interes-general-locales","category-locales","tag-buenos-aires","tag-interes-general","tag-locales","tag-san-pedro"],"aioseo_notices":[],"gutentor_comment":0,"jetpack_featured_media_url":"https:\/\/eldiariodesanpedro.com.ar\/sitio\/wp-content\/uploads\/2022\/03\/WhatsApp-Image-2022-03-17-at-4.11.46-PM.jpeg","jetpack_shortlink":"https:\/\/wp.me\/p6RhLt-rlF","jetpack_sharing_enabled":true,"_links":{"self":[{"href":"https:\/\/eldiariodesanpedro.com.ar\/sitio\/wp-json\/wp\/v2\/posts\/105131","targetHints":{"allow":["GET"]}}],"collection":[{"href":"https:\/\/eldiariodesanpedro.com.ar\/sitio\/wp-json\/wp\/v2\/posts"}],"about":[{"href":"https:\/\/eldiariodesanpedro.com.ar\/sitio\/wp-json\/wp\/v2\/types\/post"}],"author":[{"embeddable":true,"href":"https:\/\/eldiariodesanpedro.com.ar\/sitio\/wp-json\/wp\/v2\/users\/4"}],"replies":[{"embeddable":true,"href":"https:\/\/eldiariodesanpedro.com.ar\/sitio\/wp-json\/wp\/v2\/comments?post=105131"}],"version-history":[{"count":1,"href":"https:\/\/eldiariodesanpedro.com.ar\/sitio\/wp-json\/wp\/v2\/posts\/105131\/revisions"}],"predecessor-version":[{"id":105133,"href":"https:\/\/eldiariodesanpedro.com.ar\/sitio\/wp-json\/wp\/v2\/posts\/105131\/revisions\/105133"}],"wp:featuredmedia":[{"embeddable":true,"href":"https:\/\/eldiariodesanpedro.com.ar\/sitio\/wp-json\/wp\/v2\/media\/105132"}],"wp:attachment":[{"href":"https:\/\/eldiariodesanpedro.com.ar\/sitio\/wp-json\/wp\/v2\/media?parent=105131"}],"wp:term":[{"taxonomy":"category","embeddable":true,"href":"https:\/\/eldiariodesanpedro.com.ar\/sitio\/wp-json\/wp\/v2\/categories?post=105131"},{"taxonomy":"post_tag","embeddable":true,"href":"https:\/\/eldiariodesanpedro.com.ar\/sitio\/wp-json\/wp\/v2\/tags?post=105131"}],"curies":[{"name":"wp","href":"https:\/\/api.w.org\/{rel}","templated":true}]}}