{"id":105128,"date":"2022-03-17T19:07:59","date_gmt":"2022-03-17T22:07:59","guid":{"rendered":"https:\/\/eldiariodesanpedro.com.ar\/sitio\/?p=105128"},"modified":"2022-03-17T19:08:00","modified_gmt":"2022-03-17T22:08:00","slug":"el-intendente-salazar-participo-de-la-apertura-de-sobres-para-las-obras-en-el-puerto-de-san-pedro","status":"publish","type":"post","link":"https:\/\/eldiariodesanpedro.com.ar\/sitio\/el-intendente-salazar-participo-de-la-apertura-de-sobres-para-las-obras-en-el-puerto-de-san-pedro\/","title":{"rendered":"El Intendente Salazar particip\u00f3 de la apertura de sobres para las obras en el Puerto de San Pedro"},"content":{"rendered":"<!-- VideographyWP Plugin Message: Automatic video embedding prevented by plugin options. -->\n\n<p>El Intendente Dr. Ram\u00f3n Salazar y el Secretario de Desarrollo Econ\u00f3mico participaron hoy del acto de apertura de sobres correspondientes a la licitaci\u00f3n p\u00fablica para la obra de \u201cRecuperaci\u00f3n de la capacidad operativa del muelle cabecera del Espig\u00f3n N\u00b0 1\u201d. Se presentaron propuestas de tres empresas, \u00abEmpresa Dragados y Obras Portuarias SA\u00bb, \u00abCONCRET-NOR S.A.\u00bb y Juan M. Lavigne y Cia. S.A., que deber\u00e1n ser analizadas para la adjudicaci\u00f3n.<\/p>\n\n\n\n<p>El acto cont\u00f3 con la presencia del Subsecretario de Puertos Juan Cruz Lucero, el Presidente del Consorcio Eliseo Almada, directores del organismo, funcionarios, concejales y representantes de las empresas oferentes.<\/p>\n\n\n\n<p>El Intendente se\u00f1al\u00f3 que el trabajo conjunto de la Municipalidad y los gobiernos de Naci\u00f3n y Provincia ha posibilitado que el Puerto de San Pedro tenga una oportunidad de renovar sus expectativas y su proyecci\u00f3n con la realizaci\u00f3n de una obra hist\u00f3rica que se enmarca en otras obras de infraestructura que adem\u00e1s generan muy buenas condiciones, con fuentes de trabajo, movimiento en m\u00faltiples sectores y un futuro promisorio para nuestra regi\u00f3n.<\/p>\n","protected":false},"excerpt":{"rendered":"<p>El Intendente Dr. Ram\u00f3n Salazar y el Secretario de Desarrollo Econ\u00f3mico participaron hoy del acto de apertura de sobres correspondientes a la licitaci\u00f3n p\u00fablica para la obra de \u201cRecuperaci\u00f3n de la capacidad operativa del muelle cabecera del Espig\u00f3n N\u00b0 1\u201d. Se presentaron propuestas de tres empresas, \u00abEmpresa Dragados y Obras Portuarias SA\u00bb, \u00abCONCRET-NOR S.A.\u00bb y [&hellip;]<\/p>\n","protected":false},"author":4,"featured_media":105129,"comment_status":"closed","ping_status":"closed","sticky":false,"template":"","format":"standard","meta":{"om_disable_all_campaigns":false,"_jetpack_memberships_contains_paid_content":false,"footnotes":""},"categories":[101,2],"tags":[197,696,33,19],"class_list":["post-105128","post","type-post","status-publish","format-standard","has-post-thumbnail","hentry","category-interes-general-locales","category-locales","tag-buenos-aires","tag-interes-general","tag-locales","tag-san-pedro"],"aioseo_notices":[],"gutentor_comment":0,"jetpack_featured_media_url":"https:\/\/eldiariodesanpedro.com.ar\/sitio\/wp-content\/uploads\/2022\/03\/WhatsApp-Image-2022-03-17-at-3.19.45-PM.jpeg","jetpack_shortlink":"https:\/\/wp.me\/p6RhLt-rlC","jetpack_sharing_enabled":true,"_links":{"self":[{"href":"https:\/\/eldiariodesanpedro.com.ar\/sitio\/wp-json\/wp\/v2\/posts\/105128","targetHints":{"allow":["GET"]}}],"collection":[{"href":"https:\/\/eldiariodesanpedro.com.ar\/sitio\/wp-json\/wp\/v2\/posts"}],"about":[{"href":"https:\/\/eldiariodesanpedro.com.ar\/sitio\/wp-json\/wp\/v2\/types\/post"}],"author":[{"embeddable":true,"href":"https:\/\/eldiariodesanpedro.com.ar\/sitio\/wp-json\/wp\/v2\/users\/4"}],"replies":[{"embeddable":true,"href":"https:\/\/eldiariodesanpedro.com.ar\/sitio\/wp-json\/wp\/v2\/comments?post=105128"}],"version-history":[{"count":1,"href":"https:\/\/eldiariodesanpedro.com.ar\/sitio\/wp-json\/wp\/v2\/posts\/105128\/revisions"}],"predecessor-version":[{"id":105130,"href":"https:\/\/eldiariodesanpedro.com.ar\/sitio\/wp-json\/wp\/v2\/posts\/105128\/revisions\/105130"}],"wp:featuredmedia":[{"embeddable":true,"href":"https:\/\/eldiariodesanpedro.com.ar\/sitio\/wp-json\/wp\/v2\/media\/105129"}],"wp:attachment":[{"href":"https:\/\/eldiariodesanpedro.com.ar\/sitio\/wp-json\/wp\/v2\/media?parent=105128"}],"wp:term":[{"taxonomy":"category","embeddable":true,"href":"https:\/\/eldiariodesanpedro.com.ar\/sitio\/wp-json\/wp\/v2\/categories?post=105128"},{"taxonomy":"post_tag","embeddable":true,"href":"https:\/\/eldiariodesanpedro.com.ar\/sitio\/wp-json\/wp\/v2\/tags?post=105128"}],"curies":[{"name":"wp","href":"https:\/\/api.w.org\/{rel}","templated":true}]}}